{"id":4441,"date":"2025-04-29T10:33:03","date_gmt":"2025-04-29T13:33:03","guid":{"rendered":"https:\/\/vecinosdelinterior.com\/?p=4441"},"modified":"2025-04-29T10:33:03","modified_gmt":"2025-04-29T13:33:03","slug":"rodriguez-saa-pidio-un-tratado-de-paz-en-la-calera-y-denuncio-una-guerra-de-matones","status":"publish","type":"post","link":"https:\/\/vecinosdelinterior.com\/index.php\/2025\/04\/29\/rodriguez-saa-pidio-un-tratado-de-paz-en-la-calera-y-denuncio-una-guerra-de-matones\/","title":{"rendered":"Rodr\u00edguez Sa\u00e1 pidi\u00f3 un tratado de paz en La Calera y denunci\u00f3 una guerra de matones"},"content":{"rendered":"\n<p><\/p>\n\n\n\n<p>Alberto Rodr\u00edguez Sa\u00e1 habl\u00f3 sobre su reciente visita a La Calera y propuso, en un mensaje cargado de reflexi\u00f3n, que el pueblo impulse un tratado de paz para superar las divisiones hist\u00f3ricas que lo atraviesan.<\/p>\n\n\n\n<p>\u00abEl pueblo est\u00e1 dividido en dos. Hay una pelea encarnizada de hace muchos a\u00f1os, y ninguno de los dos sectores ha hecho nada por La Calera\u00bb, lament\u00f3 el exgobernador en la entrevista con FM Lafinur junto a Maru Vallejos y Omar Riera.<\/p>\n\n\n\n<p>Rodr\u00edguez Sa\u00e1 advirti\u00f3 que la situaci\u00f3n genera miedo entre los vecinos: \u00abMucha gente no se quer\u00eda mostrar ni siquiera en las fotos por temor a represalias\u00bb. Adem\u00e1s, sostuvo que ambas facciones \u00abhan sido favorecidas por el gobierno provincial\u00bb y calific\u00f3 de \u00abvergonzosa\u00bb la actitud oficial de \u00abcomprar voluntades\u00bb y \u00abfavorecer la divisi\u00f3n y el odio\u00bb.<\/p>\n\n\n\n<p>Frente a este escenario, propuso una salida basada en la paz social: \u00abMi mensaje fue: \u00bfpor qu\u00e9 no hacemos un tratado de paz? Un tratado que surja del pueblo, para salirse de esta contradicci\u00f3n absurda que no lleva a ning\u00fan lado\u00bb.<\/p>\n\n\n\n<p>Alberto tambi\u00e9n hizo una analog\u00eda con el Supercl\u00e1sico: \u00abNada divide m\u00e1s a los argentinos que River y Boca. Y sin embargo, ayer vi un homenaje al Papa Francisco que herman\u00f3 a todos en la cancha. Si eso es posible en un River-Boca, tambi\u00e9n puede ser posible en La Calera\u00bb.<\/p>\n","protected":false},"excerpt":{"rendered":"<p>Alberto Rodr\u00edguez Sa\u00e1 habl\u00f3 sobre su reciente visita a La Calera y propuso, en un mensaje cargado de reflexi\u00f3n, que el pueblo impulse un tratado de paz para superar las divisiones hist\u00f3ricas que lo atraviesan. \u00abEl pueblo est\u00e1 dividido en dos. Hay una pelea encarnizada de hace muchos a\u00f1os, y ninguno de los dos sectores [&hellip;]<\/p>\n","protected":false},"author":1,"featured_media":4442,"comment_status":"open","ping_status":"open","sticky":false,"template":"","format":"standard","meta":{"footnotes":""},"categories":[92,294],"tags":[],"class_list":["post-4441","post","type-post","status-publish","format-standard","has-post-thumbnail","hentry","category-belgrano","category-la-calera"],"_links":{"self":[{"href":"https:\/\/vecinosdelinterior.com\/index.php\/wp-json\/wp\/v2\/posts\/4441","targetHints":{"allow":["GET"]}}],"collection":[{"href":"https:\/\/vecinosdelinterior.com\/index.php\/wp-json\/wp\/v2\/posts"}],"about":[{"href":"https:\/\/vecinosdelinterior.com\/index.php\/wp-json\/wp\/v2\/types\/post"}],"author":[{"embeddable":true,"href":"https:\/\/vecinosdelinterior.com\/index.php\/wp-json\/wp\/v2\/users\/1"}],"replies":[{"embeddable":true,"href":"https:\/\/vecinosdelinterior.com\/index.php\/wp-json\/wp\/v2\/comments?post=4441"}],"version-history":[{"count":1,"href":"https:\/\/vecinosdelinterior.com\/index.php\/wp-json\/wp\/v2\/posts\/4441\/revisions"}],"predecessor-version":[{"id":4443,"href":"https:\/\/vecinosdelinterior.com\/index.php\/wp-json\/wp\/v2\/posts\/4441\/revisions\/4443"}],"wp:featuredmedia":[{"embeddable":true,"href":"https:\/\/vecinosdelinterior.com\/index.php\/wp-json\/wp\/v2\/media\/4442"}],"wp:attachment":[{"href":"https:\/\/vecinosdelinterior.com\/index.php\/wp-json\/wp\/v2\/media?parent=4441"}],"wp:term":[{"taxonomy":"category","embeddable":true,"href":"https:\/\/vecinosdelinterior.com\/index.php\/wp-json\/wp\/v2\/categories?post=4441"},{"taxonomy":"post_tag","embeddable":true,"href":"https:\/\/vecinosdelinterior.com\/index.php\/wp-json\/wp\/v2\/tags?post=4441"}],"curies":[{"name":"wp","href":"https:\/\/api.w.org\/{rel}","templated":true}]}}