{"id":4444,"date":"2025-04-29T10:00:00","date_gmt":"2025-04-29T13:00:00","guid":{"rendered":"https:\/\/vecinosdelinterior.com\/?p=4444"},"modified":"2025-04-29T10:40:10","modified_gmt":"2025-04-29T13:40:10","slug":"recorrieron-obras-del-construyendo-con-tu-pueblo-en-los-manantiales","status":"publish","type":"post","link":"https:\/\/vecinosdelinterior.com\/index.php\/2025\/04\/29\/recorrieron-obras-del-construyendo-con-tu-pueblo-en-los-manantiales\/","title":{"rendered":"Recorrieron obras del \u2018Construyendo con Tu Pueblo\u2019 en Los Manantiales"},"content":{"rendered":"\n<p><\/p>\n\n\n\n<p>El vicegobernador Ricardo Endeiza visit\u00f3 la localidad de Los Manantiales para recorrer las obras finalizadas correspondientes al convenio 2024 y anunciar el inicio de los trabajos previstos en el acuerdo 2025, firmado a principio de este a\u00f1o.<\/p>\n\n\n\n<p>Acompa\u00f1ado por la intendenta comisionada municipal, Alejandra Carolina Salinas, y autoridades locales, el Vicegobernador supervis\u00f3 las tareas de refacci\u00f3n del sistema de iluminaci\u00f3n de la plazoleta municipal y la puesta en valor del Sal\u00f3n de Usos M\u00faltiples (SUM), donde se mejoraron los ba\u00f1os y se realizaron tareas de pintura general. Ambos proyectos fueron impulsados a trav\u00e9s de este programa provincial que apuesta al trabajo conjunto entre el Gobierno y los municipios.<\/p>\n\n\n\n<p>Durante el recorrido, la Intendenta anunci\u00f3 el pr\u00f3ximo inicio de obras previstas en el convenio 2025, que contempla la construcci\u00f3n de dos locales comerciales. Estos locales tendr\u00e1n todos los servicios b\u00e1sicos: agua, luz, cloacas y carteler\u00eda, con el objetivo de \u201cfortalecer y acompa\u00f1ar el trabajo de los emprendedores locales\u201d.<\/p>\n\n\n\n<figure class=\"wp-block-gallery has-nested-images columns-default is-cropped wp-block-gallery-1 is-layout-flex wp-block-gallery-is-layout-flex\">\n<figure class=\"wp-block-image size-large\"><img fetchpriority=\"high\" decoding=\"async\" width=\"500\" height=\"412\" data-id=\"4445\" src=\"https:\/\/vecinosdelinterior.com\/wp-content\/uploads\/2025\/04\/WhatsApp-Image-2025-04-28-at-11.15.45-1-1-500x412-1.jpeg\" alt=\"\" class=\"wp-image-4445\" srcset=\"https:\/\/vecinosdelinterior.com\/wp-content\/uploads\/2025\/04\/WhatsApp-Image-2025-04-28-at-11.15.45-1-1-500x412-1.jpeg 500w, https:\/\/vecinosdelinterior.com\/wp-content\/uploads\/2025\/04\/WhatsApp-Image-2025-04-28-at-11.15.45-1-1-500x412-1-300x247.jpeg 300w\" sizes=\"(max-width: 500px) 100vw, 500px\" \/><\/figure>\n<\/figure>\n","protected":false},"excerpt":{"rendered":"<p>El vicegobernador Ricardo Endeiza visit\u00f3 la localidad de Los Manantiales para recorrer las obras finalizadas correspondientes al convenio 2024 y anunciar el inicio de los trabajos previstos en el acuerdo 2025, firmado a principio de este a\u00f1o. Acompa\u00f1ado por la intendenta comisionada municipal, Alejandra Carolina Salinas, y autoridades locales, el Vicegobernador supervis\u00f3 las tareas de [&hellip;]<\/p>\n","protected":false},"author":1,"featured_media":4445,"comment_status":"open","ping_status":"open","sticky":false,"template":"","format":"standard","meta":{"footnotes":""},"categories":[92,381],"tags":[],"class_list":["post-4444","post","type-post","status-publish","format-standard","has-post-thumbnail","hentry","category-belgrano","category-los-manantiales"],"_links":{"self":[{"href":"https:\/\/vecinosdelinterior.com\/index.php\/wp-json\/wp\/v2\/posts\/4444","targetHints":{"allow":["GET"]}}],"collection":[{"href":"https:\/\/vecinosdelinterior.com\/index.php\/wp-json\/wp\/v2\/posts"}],"about":[{"href":"https:\/\/vecinosdelinterior.com\/index.php\/wp-json\/wp\/v2\/types\/post"}],"author":[{"embeddable":true,"href":"https:\/\/vecinosdelinterior.com\/index.php\/wp-json\/wp\/v2\/users\/1"}],"replies":[{"embeddable":true,"href":"https:\/\/vecinosdelinterior.com\/index.php\/wp-json\/wp\/v2\/comments?post=4444"}],"version-history":[{"count":1,"href":"https:\/\/vecinosdelinterior.com\/index.php\/wp-json\/wp\/v2\/posts\/4444\/revisions"}],"predecessor-version":[{"id":4446,"href":"https:\/\/vecinosdelinterior.com\/index.php\/wp-json\/wp\/v2\/posts\/4444\/revisions\/4446"}],"wp:featuredmedia":[{"embeddable":true,"href":"https:\/\/vecinosdelinterior.com\/index.php\/wp-json\/wp\/v2\/media\/4445"}],"wp:attachment":[{"href":"https:\/\/vecinosdelinterior.com\/index.php\/wp-json\/wp\/v2\/media?parent=4444"}],"wp:term":[{"taxonomy":"category","embeddable":true,"href":"https:\/\/vecinosdelinterior.com\/index.php\/wp-json\/wp\/v2\/categories?post=4444"},{"taxonomy":"post_tag","embeddable":true,"href":"https:\/\/vecinosdelinterior.com\/index.php\/wp-json\/wp\/v2\/tags?post=4444"}],"curies":[{"name":"wp","href":"https:\/\/api.w.org\/{rel}","templated":true}]}}