{"id":4450,"date":"2025-05-01T11:51:00","date_gmt":"2025-05-01T14:51:00","guid":{"rendered":"https:\/\/vecinosdelinterior.com\/?p=4450"},"modified":"2025-05-02T11:53:52","modified_gmt":"2025-05-02T14:53:52","slug":"renca-y-su-devocion-al-cristo-del-espino-una-tradicion-que-une-fe-historia-y-tradicion","status":"publish","type":"post","link":"https:\/\/vecinosdelinterior.com\/index.php\/2025\/05\/01\/renca-y-su-devocion-al-cristo-del-espino-una-tradicion-que-une-fe-historia-y-tradicion\/","title":{"rendered":"Renca y su devoci\u00f3n al Cristo del Espino: una tradici\u00f3n que une fe, historia y tradici\u00f3n"},"content":{"rendered":"\n<p>VECINOSDELINTERIOR.COM \/ 01 DE MAYO<br>Miles de fieles de todo el pa\u00eds llegan convocados por el milagroso Se\u00f1or de Renca, en lo que constituye una de las festividades religiosas m\u00e1s importantes de la regi\u00f3n. El pueblo de Renca es uno de los m\u00e1s antiguos de San Luis y su nombre significa en lengua mapuche \u2018hierba andin\u2019. Junto al r\u00edo Conlara, su patrimonio hist\u00f3rico cultural puede apreciarse en sus construcciones, la capilla y la plaza. Dispone de hoster\u00eda, camping y un completo balneario.<\/p>\n\n\n\n<figure class=\"wp-block-image size-full\"><img fetchpriority=\"high\" decoding=\"async\" width=\"500\" height=\"312\" src=\"https:\/\/vecinosdelinterior.com\/wp-content\/uploads\/2025\/05\/495254418_547495971734427_2562799246709113511_n.jpg\" alt=\"\" class=\"wp-image-4451\" srcset=\"https:\/\/vecinosdelinterior.com\/wp-content\/uploads\/2025\/05\/495254418_547495971734427_2562799246709113511_n.jpg 500w, https:\/\/vecinosdelinterior.com\/wp-content\/uploads\/2025\/05\/495254418_547495971734427_2562799246709113511_n-300x187.jpg 300w\" sizes=\"(max-width: 500px) 100vw, 500px\" \/><\/figure>\n\n\n\n<p><br>ATRACTIVOS PARA VISITAR ESTE FINDE LARGO<br>La festividad del Santo Cristo de Renca es un momento de encuentro espiritual y comunitario que trasciende generaciones. Renca siempre representa un llamado a quienes tienen el deseo de encontrarse con Dios. Esta celebraci\u00f3n no solo fortalece la fe de los participantes, sino que tambi\u00e9n impulsa la econom\u00eda local y preserva una rica herencia cultural.<br>Cada 3 de mayo, la localidad de Renca, se convierte en el epicentro de una de las festividades religiosas m\u00e1s significativas de la provincia. La veneraci\u00f3n al Santo Cristo es una tradici\u00f3n que atrae a miles de fieles de Argentina y pa\u00edses vecinos como Chile, Per\u00fa y Bolivia.<br>La devoci\u00f3n al Santo Cristo de Renca se remonta a 1732, cuando los jesuitas construyeron una capilla en honor al \u2018Se\u00f1or del Espino\u2019, una r\u00e9plica de una imagen descubierta en Chile. La actual imagen, tallada en madera de espinillo en 1857 por Manuel Paz, mide aproximadamente un metro de alto y es la que se venera en la actualidad.<\/p>\n\n\n\n<figure class=\"wp-block-gallery has-nested-images columns-default is-cropped wp-block-gallery-1 is-layout-flex wp-block-gallery-is-layout-flex\">\n<figure class=\"wp-block-image size-large\"><img decoding=\"async\" width=\"1024\" height=\"576\" data-id=\"4453\" src=\"https:\/\/vecinosdelinterior.com\/wp-content\/uploads\/2025\/05\/494468793_547496038401087_7894646040817993284_n-1024x576.jpg\" alt=\"\" class=\"wp-image-4453\" srcset=\"https:\/\/vecinosdelinterior.com\/wp-content\/uploads\/2025\/05\/494468793_547496038401087_7894646040817993284_n-1024x576.jpg 1024w, https:\/\/vecinosdelinterior.com\/wp-content\/uploads\/2025\/05\/494468793_547496038401087_7894646040817993284_n-300x169.jpg 300w, https:\/\/vecinosdelinterior.com\/wp-content\/uploads\/2025\/05\/494468793_547496038401087_7894646040817993284_n-768x432.jpg 768w, https:\/\/vecinosdelinterior.com\/wp-content\/uploads\/2025\/05\/494468793_547496038401087_7894646040817993284_n-1536x864.jpg 1536w, https:\/\/vecinosdelinterior.com\/wp-content\/uploads\/2025\/05\/494468793_547496038401087_7894646040817993284_n-750x422.jpg 750w, https:\/\/vecinosdelinterior.com\/wp-content\/uploads\/2025\/05\/494468793_547496038401087_7894646040817993284_n-1140x641.jpg 1140w, https:\/\/vecinosdelinterior.com\/wp-content\/uploads\/2025\/05\/494468793_547496038401087_7894646040817993284_n.jpg 1920w\" sizes=\"(max-width: 1024px) 100vw, 1024px\" \/><\/figure>\n\n\n\n<figure class=\"wp-block-image size-large\"><img decoding=\"async\" width=\"1024\" height=\"683\" data-id=\"4454\" src=\"https:\/\/vecinosdelinterior.com\/wp-content\/uploads\/2025\/05\/495197253_547495998401091_4886097085644533107_n-1024x683.jpg\" alt=\"\" class=\"wp-image-4454\" srcset=\"https:\/\/vecinosdelinterior.com\/wp-content\/uploads\/2025\/05\/495197253_547495998401091_4886097085644533107_n-1024x683.jpg 1024w, https:\/\/vecinosdelinterior.com\/wp-content\/uploads\/2025\/05\/495197253_547495998401091_4886097085644533107_n-300x200.jpg 300w, https:\/\/vecinosdelinterior.com\/wp-content\/uploads\/2025\/05\/495197253_547495998401091_4886097085644533107_n-768x512.jpg 768w, https:\/\/vecinosdelinterior.com\/wp-content\/uploads\/2025\/05\/495197253_547495998401091_4886097085644533107_n-750x500.jpg 750w, https:\/\/vecinosdelinterior.com\/wp-content\/uploads\/2025\/05\/495197253_547495998401091_4886097085644533107_n-1140x760.jpg 1140w, https:\/\/vecinosdelinterior.com\/wp-content\/uploads\/2025\/05\/495197253_547495998401091_4886097085644533107_n.jpg 1200w\" sizes=\"(max-width: 1024px) 100vw, 1024px\" \/><\/figure>\n\n\n\n<figure class=\"wp-block-image size-large\"><img loading=\"lazy\" decoding=\"async\" width=\"570\" height=\"549\" data-id=\"4452\" src=\"https:\/\/vecinosdelinterior.com\/wp-content\/uploads\/2025\/05\/495271851_547495975067760_1031340805198162500_n.jpg\" alt=\"\" class=\"wp-image-4452\" srcset=\"https:\/\/vecinosdelinterior.com\/wp-content\/uploads\/2025\/05\/495271851_547495975067760_1031340805198162500_n.jpg 570w, https:\/\/vecinosdelinterior.com\/wp-content\/uploads\/2025\/05\/495271851_547495975067760_1031340805198162500_n-300x289.jpg 300w\" sizes=\"(max-width: 570px) 100vw, 570px\" \/><\/figure>\n<\/figure>\n\n\n\n<p><br>Las festividades comenzaron el 24 de abril con la Novena, que incluye el rezo del Rosario y la misa, cada d\u00eda dedicado a diferentes intenciones. El 2 de mayo se realizar\u00e1 una procesi\u00f3n con antorchas en honor a la Virgen, mientras que el 3 de mayo se celebrar\u00e1 la misa central presidida por el obispo Gabriel Barba, seguida de una procesi\u00f3n multitudinaria por las calles del pueblo.<br>Asimismo, est\u00e1n estipulados eventos culturales con la participaci\u00f3n de artistas locales y provinciales. En la ocasi\u00f3n, habilitar\u00e1n puestos para emprendedores y artesanos. La festividad del Santo Cristo de Renca constituye un s\u00edmbolo de devoci\u00f3n y unidad que trasciende a San Luis a\u00f1o tras a\u00f1o.<br>LUGARES PARA VISITAR<br>Casa Hist\u00f3rica Provincial \u2018Jos\u00e9 Santos Ortiz\u2019: ubicada frente la Plaza Granaderos Puntanos, rinde homenaje al primer Gobernador de Renca, Don Jos\u00e9 Santos Ortiz, que naci\u00f3 en 1784. En el edificio, funcion\u00f3 la Escuela Superior N\u00b073 \u2018Los tres granaderos de Renca\u2019, la primera instituci\u00f3n del pueblo inaugurada el 25 de mayo del a\u00f1o 1874, durante la presidencia de Domingo Faustino Sarmiento y la gobernaci\u00f3n del renque\u00f1o Lindor Quiroga.<br>El primer director escolar fue Don Saturnino Gonz\u00e1lez Camarero. Durante la gobernaci\u00f3n de este pr\u00f3cer homenajeado se establecieron las bases para organizar la provincia en lo administrativo, judicial y pol\u00edtico. Posee caracter\u00edsticas arquitect\u00f3nicas sorprendentes, como sus gruesas paredes y su techo que conserva tirantes de quebracho cortados con hacha. A su vez, es el Auditorio local en el que se realizan importantes conferencias culturales, hist\u00f3ricas y tecnol\u00f3gicas. En su amplio jard\u00edn, se encuentra la escultura de un granadero uniformado como los que acompa\u00f1aron al General San Mart\u00edn en su primer ej\u00e9rcito y un gran pino, reto\u00f1o del pino que fue testigo de la Batalla de San Lorenzo.<br>Dique San Felipe: este espejo de agua est\u00e1 ubicado a 138 kil\u00f3metros de la capital sanluise\u00f1a, en el departamento San Mart\u00edn. Es uno de los espacios favoritos de los pescadores. Tiene una cuenca hidrol\u00f3gica de aporte de 1.130 kil\u00f3metros cuadrados y una capacidad de riego de 13.000 hect\u00e1reas. La presa es una de las m\u00e1s representativas de la provincia, con una superficie de 1.282 hect\u00e1reas y una capacidad de embalse de 81 hect\u00f3metro c\u00fabico. El uso principal que se le destina es el abastecimiento de agua para la poblaci\u00f3n, riego, ganader\u00eda, generaci\u00f3n de energ\u00eda hidroel\u00e9ctrica y uso recreativo con la pr\u00e1ctica de actividades n\u00e1uticas, tur\u00edsticas y deportivas. Su pintoresco marco natural potencia el gran desarrollo tur\u00edstico de la zona, con una destacada oferta de clubes, campings y servicios gastron\u00f3micos. Los pescadores de San Luis y de provincias vecinas encuentran el espacio ideal para realizar este tipo de actividad de modo regular.<br>Lugar de nacimientos de los 3 granaderos puntanos: en el a\u00f1o 1991 fueron trasladados a su morada definitiva El Monumento al pueblo Puntano de la Independencia en el Campamento Hist\u00f3rico de Las Chacras. En el A\u00f1o 2005 la Plaza Central de la Localidad paso a llamarse Granaderos Puntanos de Renca en Homenaje a los mismos, esta cuenta con un dise\u00f1o muy moderno que combina vegetaci\u00f3n aut\u00f3ctona, veredas laterales y diagonales realizadas en distintos tipos de granito, bancos de madera artesanales los que se encuentran tallados con los nombres de pr\u00f3ceres puntanos.<br>Plaza \u2018Granaderos Puntanos\u2019 de Renca: cuenta con senderos para realizar un recorrido cultural y fuentes con un importante sistema de chorros de agua y luces. En uno de los laterales de la fuente, se advierten varios bloques de piedra bruta de granito, de las que se encuentran y explotan en la zona. Se trata de un monolito tallado a mano por un famoso picapedrero local, en el cual se recuerda la fecha en que remodelaron la plaza.<br>Renca fue capital del Departamento Chacabuco hasta 1934, su pueblo hizo grandes aportes en la gesta sanmartiniana y proporcion\u00f3 sus propios hijos, v\u00edveres, tejidos y ganado. El n\u00facleo \u2018urbano\u2019 fue erigido en torno a la plaza, que en 2005 pas\u00f3 a llamarse \u2018Granaderos Puntanos de Renca\u2019 en homenaje a los soldados Basilio Bustos, Juanario Luna y Jos\u00e9 Gregorio Franco, quienes murieron el 03 de febrero de 1813 en el combate de San Lorenzo. Todos los 17 de mayo, d\u00eda del natalicio de Juan Pascual Pringles, se celebra al Granadero Puntano. Actualmente, en esta plaza se lleva a cabo la Festividad de Nuestro Se\u00f1or de Renca.<br>Santuario Cristo De Renca: la capilla fue levantada en 1732 y es una de las m\u00e1s antiguas de la provincia. Con la llegada de los padres jesuitas, que proven\u00edan de Chile, trajeron consigo algunos fragmentos de la venerada cruz e imagen de Cristo, la cual fue encontrada labrada en un \u00e1rbol por un nativo del bosque. Esto dar\u00eda el origen al nombre de la localidad, \u2018Renca\u2019, que proviene de una especie vegetal.<br>En abril de 1947, el poeta Polo Godoy Rojo public\u00f3 un art\u00edculo en el diario \u2018El Heraldo de San Luis\u2019 y se\u00f1al\u00f3 que la capilla antigua, una modest\u00edsima construcci\u00f3n de adobe, se hallaba deteriorada. De tal manera, se volv\u00eda necesario derrumbarla para evitar males mayores. En simult\u00e1neo, el Se\u00f1or de Renca qued\u00f3 provisoriamente depositado en una pieza cedida por Bernardo Dom\u00ednguez. En 1764, el Obispo Alday Aspee elev\u00f3 su categor\u00eda a la de Parroquia y fue el presb\u00edtero Juan Francisco Regis Becerra quien ejerci\u00f3 su apostolado durante casi 50 a\u00f1os. En el costado este de la actual Parroquia, existe un monolito que cita en su placa la existencia de la primera capilla.<br>El edificio del templo es una nave rectangular, modulada con relieves de columnas que poseen capitel y arcos rebajados, los cual se adec\u00faan al \u00e1ngulo del cielorraso del techo a dos aguas. La fachada repite los relieves de columnas, donde cuatro coinciden con el frontispicio triangular y dos con el borde de la edificaci\u00f3n, el pa\u00f1o que est\u00e1n con el conjunto central coinciden con el de los campanarios laterales. \u00c9stos est\u00e1n compuestos de prismas rectangulares calados con abertura de arcos de medio punto en todas sus caras y remate piramidal.<br>La fachada presenta una \u00fanica puerta, que es el acceso principal, con arco. La imagen del Cristo est\u00e1 expuesto a la derecha del altar, en un baldaqu\u00edn formado por columnas de fuste en m\u00e1rmol \u00f3nix y capiteles dorados que sostienen una c\u00fapula de base octogonal.<\/p>\n","protected":false},"excerpt":{"rendered":"<p>VECINOSDELINTERIOR.COM \/ 01 DE MAYOMiles de fieles de todo el pa\u00eds llegan convocados por el milagroso Se\u00f1or de Renca, en lo que constituye una de las festividades religiosas m\u00e1s importantes de la regi\u00f3n. El pueblo de Renca es uno de los m\u00e1s antiguos de San Luis y su nombre significa en lengua mapuche \u2018hierba andin\u2019. [&hellip;]<\/p>\n","protected":false},"author":1,"featured_media":4452,"comment_status":"open","ping_status":"open","sticky":false,"template":"","format":"standard","meta":{"footnotes":""},"categories":[29,220],"tags":[],"class_list":["post-4450","post","type-post","status-publish","format-standard","has-post-thumbnail","hentry","category-chacabuco","category-renca"],"_links":{"self":[{"href":"https:\/\/vecinosdelinterior.com\/index.php\/wp-json\/wp\/v2\/posts\/4450","targetHints":{"allow":["GET"]}}],"collection":[{"href":"https:\/\/vecinosdelinterior.com\/index.php\/wp-json\/wp\/v2\/posts"}],"about":[{"href":"https:\/\/vecinosdelinterior.com\/index.php\/wp-json\/wp\/v2\/types\/post"}],"author":[{"embeddable":true,"href":"https:\/\/vecinosdelinterior.com\/index.php\/wp-json\/wp\/v2\/users\/1"}],"replies":[{"embeddable":true,"href":"https:\/\/vecinosdelinterior.com\/index.php\/wp-json\/wp\/v2\/comments?post=4450"}],"version-history":[{"count":1,"href":"https:\/\/vecinosdelinterior.com\/index.php\/wp-json\/wp\/v2\/posts\/4450\/revisions"}],"predecessor-version":[{"id":4455,"href":"https:\/\/vecinosdelinterior.com\/index.php\/wp-json\/wp\/v2\/posts\/4450\/revisions\/4455"}],"wp:featuredmedia":[{"embeddable":true,"href":"https:\/\/vecinosdelinterior.com\/index.php\/wp-json\/wp\/v2\/media\/4452"}],"wp:attachment":[{"href":"https:\/\/vecinosdelinterior.com\/index.php\/wp-json\/wp\/v2\/media?parent=4450"}],"wp:term":[{"taxonomy":"category","embeddable":true,"href":"https:\/\/vecinosdelinterior.com\/index.php\/wp-json\/wp\/v2\/categories?post=4450"},{"taxonomy":"post_tag","embeddable":true,"href":"https:\/\/vecinosdelinterior.com\/index.php\/wp-json\/wp\/v2\/tags?post=4450"}],"curies":[{"name":"wp","href":"https:\/\/api.w.org\/{rel}","templated":true}]}}