{"id":4466,"date":"2025-05-03T14:38:11","date_gmt":"2025-05-03T17:38:11","guid":{"rendered":"https:\/\/vecinosdelinterior.com\/?p=4466"},"modified":"2025-05-03T14:38:34","modified_gmt":"2025-05-03T17:38:34","slug":"el-ex-gobernador-alberto-rodriguez-saa-paso-por-quines-y-dejo-su-mensaje-apelamos-a-la-concentracion-de-fuerzas-somos-suficientes-y-vamos-a-ganar","status":"publish","type":"post","link":"https:\/\/vecinosdelinterior.com\/index.php\/2025\/05\/03\/el-ex-gobernador-alberto-rodriguez-saa-paso-por-quines-y-dejo-su-mensaje-apelamos-a-la-concentracion-de-fuerzas-somos-suficientes-y-vamos-a-ganar\/","title":{"rendered":"El ex-gobernador Alberto Rodr\u00edguez Sa\u00e1 pas\u00f3 por Quines y dej\u00f3 su mensaje: \u00abApelamos a la concentraci\u00f3n de fuerzas, somos suficientes y vamos a ganar\u00bb"},"content":{"rendered":"\n<p>vecinosdelinterior.com \/ 03 de mayo<br>La jornada estuvo ideal. Una tarde radiante, con militantes y vecinos llenos de convicciones y sue\u00f1os por cumplir. As\u00ed se traz\u00f3 el encuentro que se desarroll\u00f3 en Luj\u00e1n, donde el presidente del Partido Justicialista de San Luis, Alberto Rodr\u00edguez Sa\u00e1, comparti\u00f3 su mirada sobre la realidad y proyect\u00f3 la esperanza de un ma\u00f1ana mejor y digno. \u00abNo se preocupen porque ellos tienen m\u00e1s miedo que nosotros\u00bb, manifest\u00f3 Rodr\u00edguez Sa\u00e1 en relaci\u00f3n al miedo que se ha sembrado en el \u00faltimo tiempo en los sectores estatales y en beneficiarios del Plan de Inclusi\u00f3n, donde solo por pensar distinto son marcados y presionados.<br>En la reuni\u00f3n estuvieron presentes la candidata a Senadora por Ayacucho, Anal\u00eda Ag\u00fcero; el candidato a intendente de Luj\u00e1n, Hern\u00e1n Gatica; el senador nacional del bloque Convicci\u00f3n Federal, Fernando Salino; la exsenadora y vicepresidenta primera del Partido Justicialista, Eugenia Catalfamo y el candidato a primer concejal de Luj\u00e1n, Joel Caba\u00f1ez.<\/p>\n\n\n\n<p><br>Rodr\u00edguez Sa\u00e1 habl\u00f3 de la f\u00f3rmula para llegar al triunfo, reflexion\u00f3 en torno a las traiciones y subray\u00f3 la clave de la concentraci\u00f3n de fuerzas, la militancia y las convicciones. \u00abNo hay que preocuparse, nosotros hemos apelado a la concentraci\u00f3n de fuerzas, somos suficientes y vamos a ganar. No necesitamos de estos sinverg\u00fcenzas que han traicionado al partido, as\u00ed no es la pol\u00edtica\u00bb, indic\u00f3 y destac\u00f3 la tradicional frase que se atribuye al proc\u00f3nsul romano Quinto Servilio Cepi\u00f3n: \u00abRoma no paga traidores\u00bb.<\/p>\n\n\n\n<figure class=\"wp-block-gallery has-nested-images columns-default is-cropped wp-block-gallery-1 is-layout-flex wp-block-gallery-is-layout-flex\">\n<figure class=\"wp-block-image size-large\"><img fetchpriority=\"high\" decoding=\"async\" width=\"1024\" height=\"576\" data-id=\"4467\" src=\"https:\/\/vecinosdelinterior.com\/wp-content\/uploads\/2025\/05\/IMG-20250502-WA0033.webp\" alt=\"\" class=\"wp-image-4467\" srcset=\"https:\/\/vecinosdelinterior.com\/wp-content\/uploads\/2025\/05\/IMG-20250502-WA0033.webp 1024w, https:\/\/vecinosdelinterior.com\/wp-content\/uploads\/2025\/05\/IMG-20250502-WA0033-300x169.webp 300w, https:\/\/vecinosdelinterior.com\/wp-content\/uploads\/2025\/05\/IMG-20250502-WA0033-768x432.webp 768w, https:\/\/vecinosdelinterior.com\/wp-content\/uploads\/2025\/05\/IMG-20250502-WA0033-750x422.webp 750w\" sizes=\"(max-width: 1024px) 100vw, 1024px\" \/><\/figure>\n<\/figure>\n\n\n\n<p><strong><br>El Peronismo cumple y trabaja sobre necesidades reales<\/strong><br>Rodr\u00edguez Sa\u00e1 record\u00f3 el fuerte problema que sufri\u00f3 Luj\u00e1n con las inundaciones del 2015, \u00e9poca en la que las autoridades poggistas no supieron c\u00f3mo manejar la cuesti\u00f3n del agua. \u00abNosotros nos ocupamos, lo hicimos una cuesti\u00f3n de estado y cumplimos con la palabra, cumplimos con nuestro pueblo. \u00c9l -por Poggi- no hizo nada. Nosotros hicimos un compromiso y cumplimos. Hicimos viviendas sociales para todo aquel que sufri\u00f3 las inundaciones. Reparamos los errores de este muchacho para que Luj\u00e1n no sufra m\u00e1s las inundaciones\u00bb, asever\u00f3.<br>\u00abVamos a cumplir todo lo que hemos prometido, los gobiernos peronistas se caracterizan por cumplir las cosas prometidas. Sue\u00f1os, cosas lindas, no pesadillas. Y vamos a cumplir. Este es nuestro ADN, con progreso y justicia social\u00bb, precis\u00f3.<\/p>\n\n\n\n<figure class=\"wp-block-gallery has-nested-images columns-default is-cropped wp-block-gallery-2 is-layout-flex wp-block-gallery-is-layout-flex\">\n<figure class=\"wp-block-image size-large\"><img decoding=\"async\" width=\"1024\" height=\"576\" data-id=\"4468\" src=\"https:\/\/vecinosdelinterior.com\/wp-content\/uploads\/2025\/05\/IMG-20250502-WA0032-1.webp\" alt=\"\" class=\"wp-image-4468\" srcset=\"https:\/\/vecinosdelinterior.com\/wp-content\/uploads\/2025\/05\/IMG-20250502-WA0032-1.webp 1024w, https:\/\/vecinosdelinterior.com\/wp-content\/uploads\/2025\/05\/IMG-20250502-WA0032-1-300x169.webp 300w, https:\/\/vecinosdelinterior.com\/wp-content\/uploads\/2025\/05\/IMG-20250502-WA0032-1-768x432.webp 768w, https:\/\/vecinosdelinterior.com\/wp-content\/uploads\/2025\/05\/IMG-20250502-WA0032-1-750x422.webp 750w\" sizes=\"(max-width: 1024px) 100vw, 1024px\" \/><\/figure>\n\n\n\n<figure class=\"wp-block-image size-large\"><img decoding=\"async\" width=\"1024\" height=\"768\" data-id=\"4469\" src=\"https:\/\/vecinosdelinterior.com\/wp-content\/uploads\/2025\/05\/WhatsApp-Image-2025-05-03-at-11.34.34-AM-1024x768.jpeg\" alt=\"\" class=\"wp-image-4469\" srcset=\"https:\/\/vecinosdelinterior.com\/wp-content\/uploads\/2025\/05\/WhatsApp-Image-2025-05-03-at-11.34.34-AM-1024x768.jpeg 1024w, https:\/\/vecinosdelinterior.com\/wp-content\/uploads\/2025\/05\/WhatsApp-Image-2025-05-03-at-11.34.34-AM-300x225.jpeg 300w, https:\/\/vecinosdelinterior.com\/wp-content\/uploads\/2025\/05\/WhatsApp-Image-2025-05-03-at-11.34.34-AM-768x576.jpeg 768w, https:\/\/vecinosdelinterior.com\/wp-content\/uploads\/2025\/05\/WhatsApp-Image-2025-05-03-at-11.34.34-AM-750x563.jpeg 750w, https:\/\/vecinosdelinterior.com\/wp-content\/uploads\/2025\/05\/WhatsApp-Image-2025-05-03-at-11.34.34-AM-1140x855.jpeg 1140w, https:\/\/vecinosdelinterior.com\/wp-content\/uploads\/2025\/05\/WhatsApp-Image-2025-05-03-at-11.34.34-AM.jpeg 1280w\" sizes=\"(max-width: 1024px) 100vw, 1024px\" \/><\/figure>\n<\/figure>\n\n\n\n<p><br><strong>Mirada de la actualidad<\/strong><br>Rodr\u00edguez Sa\u00e1 lament\u00f3 la destrucci\u00f3n de la provincia y describi\u00f3 la situaci\u00f3n apuntando que \u00abse han ca\u00eddo las banderas; las banderas est\u00e1n a media asta\u00bb.<br>\u00abPrometi\u00f3 y no cumpli\u00f3. Presion\u00f3, ech\u00f3 gente, desdobl\u00f3 sueldos, algunos pegaron el salto. Apelemos a la concentraci\u00f3n de fuerzas, somos suficientes\u00bb, dijo.<br>Llenar las urnas de \u00abesperanza y sue\u00f1os\u00bb<br>Durante el encuentro, el candidato a intendente, Hern\u00e1n Gatica, reflexion\u00f3 sobre el \u00abdesaf\u00edo\u00bb que busca \u00abrecuperar Luj\u00e1n\u00bb para que \u00abla gente vuelva a tener dignidad, trabajo y progreso\u00bb.<br>En un tramo de su intervenci\u00f3n, record\u00f3 que el 1 de marzo del 2015 el agua los \u00abpas\u00f3 por encima\u00bb con las fuertes precipitaciones y el por entonces gobernador, Claudio Poggi, literalmente \u00abmir\u00f3 para otro lado y se fue\u00bb. En contrapartida, cuando Alberto Rodr\u00edguez Sa\u00e1 lleg\u00f3 a la gobernaci\u00f3n \u00abcumpli\u00f3 con todo lo prometido\u00bb y ampar\u00f3 a la localidad.<br>\u00abHay que tener memoria de todo lo que hicimos junto al Alberto. El 11 de mayo vamos a llenar las urnas de esperanza y sue\u00f1os\u00bb, expres\u00f3.<\/p>\n\n\n\n<p><br>Fuente: EDDLR<\/p>\n","protected":false},"excerpt":{"rendered":"<p>vecinosdelinterior.com \/ 03 de mayoLa jornada estuvo ideal. Una tarde radiante, con militantes y vecinos llenos de convicciones y sue\u00f1os por cumplir. As\u00ed se traz\u00f3 el encuentro que se desarroll\u00f3 en Luj\u00e1n, donde el presidente del Partido Justicialista de San Luis, Alberto Rodr\u00edguez Sa\u00e1, comparti\u00f3 su mirada sobre la realidad y proyect\u00f3 la esperanza de [&hellip;]<\/p>\n","protected":false},"author":1,"featured_media":4467,"comment_status":"open","ping_status":"open","sticky":false,"template":"","format":"standard","meta":{"footnotes":""},"categories":[8,1,54],"tags":[501],"class_list":["post-4466","post","type-post","status-publish","format-standard","has-post-thumbnail","hentry","category-ayacucho","category-blog","category-quines-ayacucho","tag-politica-2"],"_links":{"self":[{"href":"https:\/\/vecinosdelinterior.com\/index.php\/wp-json\/wp\/v2\/posts\/4466","targetHints":{"allow":["GET"]}}],"collection":[{"href":"https:\/\/vecinosdelinterior.com\/index.php\/wp-json\/wp\/v2\/posts"}],"about":[{"href":"https:\/\/vecinosdelinterior.com\/index.php\/wp-json\/wp\/v2\/types\/post"}],"author":[{"embeddable":true,"href":"https:\/\/vecinosdelinterior.com\/index.php\/wp-json\/wp\/v2\/users\/1"}],"replies":[{"embeddable":true,"href":"https:\/\/vecinosdelinterior.com\/index.php\/wp-json\/wp\/v2\/comments?post=4466"}],"version-history":[{"count":1,"href":"https:\/\/vecinosdelinterior.com\/index.php\/wp-json\/wp\/v2\/posts\/4466\/revisions"}],"predecessor-version":[{"id":4470,"href":"https:\/\/vecinosdelinterior.com\/index.php\/wp-json\/wp\/v2\/posts\/4466\/revisions\/4470"}],"wp:featuredmedia":[{"embeddable":true,"href":"https:\/\/vecinosdelinterior.com\/index.php\/wp-json\/wp\/v2\/media\/4467"}],"wp:attachment":[{"href":"https:\/\/vecinosdelinterior.com\/index.php\/wp-json\/wp\/v2\/media?parent=4466"}],"wp:term":[{"taxonomy":"category","embeddable":true,"href":"https:\/\/vecinosdelinterior.com\/index.php\/wp-json\/wp\/v2\/categories?post=4466"},{"taxonomy":"post_tag","embeddable":true,"href":"https:\/\/vecinosdelinterior.com\/index.php\/wp-json\/wp\/v2\/tags?post=4466"}],"curies":[{"name":"wp","href":"https:\/\/api.w.org\/{rel}","templated":true}]}}