{"id":4490,"date":"2025-05-07T12:43:22","date_gmt":"2025-05-07T15:43:22","guid":{"rendered":"https:\/\/vecinosdelinterior.com\/?p=4490"},"modified":"2025-05-07T12:43:23","modified_gmt":"2025-05-07T15:43:23","slug":"san-francisco-del-monte-de-oro-imputaron-a-un-funcionario-por-violencia-de-genero-y-amenazas","status":"publish","type":"post","link":"https:\/\/vecinosdelinterior.com\/index.php\/2025\/05\/07\/san-francisco-del-monte-de-oro-imputaron-a-un-funcionario-por-violencia-de-genero-y-amenazas\/","title":{"rendered":"San Francisco del Monte de Oro: imputaron a un funcionario por violencia de g\u00e9nero y amenazas"},"content":{"rendered":"\n<p><br>Antonio Javier Brito, funcionario municipal de la localidad de San Francisco del Monte de Oro, fue imputado este martes por \u201clesiones leves doblemente agravadas por el v\u00ednculo, y por mediar violencia de g\u00e9nero en concurso real, con amenazas y resistencia a la autoridad\u201d.<br>BANNER PUBLICITA CON NOSOTROS 1500X200PX<br>El hecho que se investiga ocurri\u00f3 la madrugada del 5 de mayo de este a\u00f1o cuando Brito y su ex pareja se encontraban en el club de f\u00fatbol \u201cColocas\u00ed\u201d donde se celebraba un nuevo aniversario de la instituci\u00f3n.<br>Pasada la medianoche, la v\u00edctima le pidi\u00f3 a un compa\u00f1ero del club que lo llevara al imputado a su domicilio ya que se encontraba ebrio. Sin embargo, Brito se neg\u00f3 por lo que la denunciante decidi\u00f3 llevarlo en un auto.<br>Durante ese trayecto hacia la vivienda de Brito, \u00e9l se molest\u00f3 al exigir que lo llevaran a la casa de la mujer quien se neg\u00f3. Tras esto, la victima detuvo el auto con intenci\u00f3n de dirigirse hacia la comisaria, pero el imputado le arrebat\u00f3 las llaves, la golpe\u00f3 en la boca y ella cay\u00f3 sobre la carpeta asf\u00e1ltica.<br>La victima logr\u00f3 reincorporarse e intent\u00f3 correr hacia la comisaria, pero fue interceptada nuevamente por Brito, quien la empuj\u00f3 desde atr\u00e1s haci\u00e9ndola caer de nuevo. Vecinos que advirtieron la escena dieron aviso a la Polic\u00eda.<br>Luego de escuchar a las partes, la jueza Agustina Dopazo dio por formulados los cargos contra Brito y como medidas ordeno la firma del libro ante la Fiscal\u00eda o comisaria de la localidad, se le prohibi\u00f3 salir de la provincia, y se dict\u00f3 una restricci\u00f3n de acercamiento ante la v\u00edctima.<\/p>\n","protected":false},"excerpt":{"rendered":"<p>Antonio Javier Brito, funcionario municipal de la localidad de San Francisco del Monte de Oro, fue imputado este martes por \u201clesiones leves doblemente agravadas por el v\u00ednculo, y por mediar violencia de g\u00e9nero en concurso real, con amenazas y resistencia a la autoridad\u201d.BANNER PUBLICITA CON NOSOTROS 1500X200PXEl hecho que se investiga ocurri\u00f3 la madrugada del [&hellip;]<\/p>\n","protected":false},"author":1,"featured_media":4491,"comment_status":"open","ping_status":"open","sticky":false,"template":"","format":"standard","meta":{"footnotes":""},"categories":[8,9],"tags":[46],"class_list":["post-4490","post","type-post","status-publish","format-standard","has-post-thumbnail","hentry","category-ayacucho","category-san-francisco","tag-policiales"],"_links":{"self":[{"href":"https:\/\/vecinosdelinterior.com\/index.php\/wp-json\/wp\/v2\/posts\/4490","targetHints":{"allow":["GET"]}}],"collection":[{"href":"https:\/\/vecinosdelinterior.com\/index.php\/wp-json\/wp\/v2\/posts"}],"about":[{"href":"https:\/\/vecinosdelinterior.com\/index.php\/wp-json\/wp\/v2\/types\/post"}],"author":[{"embeddable":true,"href":"https:\/\/vecinosdelinterior.com\/index.php\/wp-json\/wp\/v2\/users\/1"}],"replies":[{"embeddable":true,"href":"https:\/\/vecinosdelinterior.com\/index.php\/wp-json\/wp\/v2\/comments?post=4490"}],"version-history":[{"count":1,"href":"https:\/\/vecinosdelinterior.com\/index.php\/wp-json\/wp\/v2\/posts\/4490\/revisions"}],"predecessor-version":[{"id":4492,"href":"https:\/\/vecinosdelinterior.com\/index.php\/wp-json\/wp\/v2\/posts\/4490\/revisions\/4492"}],"wp:featuredmedia":[{"embeddable":true,"href":"https:\/\/vecinosdelinterior.com\/index.php\/wp-json\/wp\/v2\/media\/4491"}],"wp:attachment":[{"href":"https:\/\/vecinosdelinterior.com\/index.php\/wp-json\/wp\/v2\/media?parent=4490"}],"wp:term":[{"taxonomy":"category","embeddable":true,"href":"https:\/\/vecinosdelinterior.com\/index.php\/wp-json\/wp\/v2\/categories?post=4490"},{"taxonomy":"post_tag","embeddable":true,"href":"https:\/\/vecinosdelinterior.com\/index.php\/wp-json\/wp\/v2\/tags?post=4490"}],"curies":[{"name":"wp","href":"https:\/\/api.w.org\/{rel}","templated":true}]}}