{"id":4497,"date":"2025-05-13T10:50:00","date_gmt":"2025-05-13T13:50:00","guid":{"rendered":"https:\/\/vecinosdelinterior.com\/?p=4497"},"modified":"2025-05-13T10:50:00","modified_gmt":"2025-05-13T13:50:00","slug":"llega-el-rally-a-santa-rosa-del-conlara","status":"publish","type":"post","link":"https:\/\/vecinosdelinterior.com\/index.php\/2025\/05\/13\/llega-el-rally-a-santa-rosa-del-conlara\/","title":{"rendered":"Llega el Rally a Santa Rosa del Conlara"},"content":{"rendered":"\n<p>vecinosdelinterior.com \/ 13 de mayo<br>La competencia se llevar\u00e1 a cabo los d\u00edas 16, 17 y 18 de mayo.<br>El vierbes 16, la largada ser\u00e1 en en Plaza Pringles a las 20:30 hs.<\/p>\n\n\n\n<figure class=\"wp-block-gallery has-nested-images columns-default is-cropped wp-block-gallery-1 is-layout-flex wp-block-gallery-is-layout-flex\">\n<figure class=\"wp-block-image size-large\"><img fetchpriority=\"high\" decoding=\"async\" width=\"545\" height=\"960\" data-id=\"4500\" src=\"https:\/\/vecinosdelinterior.com\/wp-content\/uploads\/2025\/05\/496941875_1133650305460554_3097644723448291048_n.jpg\" alt=\"\" class=\"wp-image-4500\" srcset=\"https:\/\/vecinosdelinterior.com\/wp-content\/uploads\/2025\/05\/496941875_1133650305460554_3097644723448291048_n.jpg 545w, https:\/\/vecinosdelinterior.com\/wp-content\/uploads\/2025\/05\/496941875_1133650305460554_3097644723448291048_n-170x300.jpg 170w\" sizes=\"(max-width: 545px) 100vw, 545px\" \/><\/figure>\n\n\n\n<figure class=\"wp-block-image size-large\"><img decoding=\"async\" width=\"960\" height=\"566\" data-id=\"4498\" src=\"https:\/\/vecinosdelinterior.com\/wp-content\/uploads\/2025\/05\/497532302_1133650275460557_828645088044365395_n.jpg\" alt=\"\" class=\"wp-image-4498\" srcset=\"https:\/\/vecinosdelinterior.com\/wp-content\/uploads\/2025\/05\/497532302_1133650275460557_828645088044365395_n.jpg 960w, https:\/\/vecinosdelinterior.com\/wp-content\/uploads\/2025\/05\/497532302_1133650275460557_828645088044365395_n-300x177.jpg 300w, https:\/\/vecinosdelinterior.com\/wp-content\/uploads\/2025\/05\/497532302_1133650275460557_828645088044365395_n-768x453.jpg 768w, https:\/\/vecinosdelinterior.com\/wp-content\/uploads\/2025\/05\/497532302_1133650275460557_828645088044365395_n-750x442.jpg 750w\" sizes=\"(max-width: 960px) 100vw, 960px\" \/><\/figure>\n\n\n\n<figure class=\"wp-block-image size-large\"><img decoding=\"async\" width=\"933\" height=\"960\" data-id=\"4501\" src=\"https:\/\/vecinosdelinterior.com\/wp-content\/uploads\/2025\/05\/497585234_1133650235460561_4638370418134257535_n.jpg\" alt=\"\" class=\"wp-image-4501\" srcset=\"https:\/\/vecinosdelinterior.com\/wp-content\/uploads\/2025\/05\/497585234_1133650235460561_4638370418134257535_n.jpg 933w, https:\/\/vecinosdelinterior.com\/wp-content\/uploads\/2025\/05\/497585234_1133650235460561_4638370418134257535_n-292x300.jpg 292w, https:\/\/vecinosdelinterior.com\/wp-content\/uploads\/2025\/05\/497585234_1133650235460561_4638370418134257535_n-768x790.jpg 768w, https:\/\/vecinosdelinterior.com\/wp-content\/uploads\/2025\/05\/497585234_1133650235460561_4638370418134257535_n-750x772.jpg 750w\" sizes=\"(max-width: 933px) 100vw, 933px\" \/><\/figure>\n\n\n\n<figure class=\"wp-block-image size-large\"><img loading=\"lazy\" decoding=\"async\" width=\"960\" height=\"542\" data-id=\"4499\" src=\"https:\/\/vecinosdelinterior.com\/wp-content\/uploads\/2025\/05\/496921715_1133650198793898_5138343842993900865_n.jpg\" alt=\"\" class=\"wp-image-4499\" srcset=\"https:\/\/vecinosdelinterior.com\/wp-content\/uploads\/2025\/05\/496921715_1133650198793898_5138343842993900865_n.jpg 960w, https:\/\/vecinosdelinterior.com\/wp-content\/uploads\/2025\/05\/496921715_1133650198793898_5138343842993900865_n-300x169.jpg 300w, https:\/\/vecinosdelinterior.com\/wp-content\/uploads\/2025\/05\/496921715_1133650198793898_5138343842993900865_n-768x434.jpg 768w, https:\/\/vecinosdelinterior.com\/wp-content\/uploads\/2025\/05\/496921715_1133650198793898_5138343842993900865_n-750x423.jpg 750w\" sizes=\"(max-width: 960px) 100vw, 960px\" \/><\/figure>\n<\/figure>\n","protected":false},"excerpt":{"rendered":"<p>vecinosdelinterior.com \/ 13 de mayoLa competencia se llevar\u00e1 a cabo los d\u00edas 16, 17 y 18 de mayo.El vierbes 16, la largada ser\u00e1 en en Plaza Pringles a las 20:30 hs.<\/p>\n","protected":false},"author":1,"featured_media":4498,"comment_status":"open","ping_status":"open","sticky":false,"template":"","format":"standard","meta":{"footnotes":""},"categories":[23,45],"tags":[],"class_list":["post-4497","post","type-post","status-publish","format-standard","has-post-thumbnail","hentry","category-junin","category-santa-rosa-del-conlara"],"_links":{"self":[{"href":"https:\/\/vecinosdelinterior.com\/index.php\/wp-json\/wp\/v2\/posts\/4497","targetHints":{"allow":["GET"]}}],"collection":[{"href":"https:\/\/vecinosdelinterior.com\/index.php\/wp-json\/wp\/v2\/posts"}],"about":[{"href":"https:\/\/vecinosdelinterior.com\/index.php\/wp-json\/wp\/v2\/types\/post"}],"author":[{"embeddable":true,"href":"https:\/\/vecinosdelinterior.com\/index.php\/wp-json\/wp\/v2\/users\/1"}],"replies":[{"embeddable":true,"href":"https:\/\/vecinosdelinterior.com\/index.php\/wp-json\/wp\/v2\/comments?post=4497"}],"version-history":[{"count":1,"href":"https:\/\/vecinosdelinterior.com\/index.php\/wp-json\/wp\/v2\/posts\/4497\/revisions"}],"predecessor-version":[{"id":4502,"href":"https:\/\/vecinosdelinterior.com\/index.php\/wp-json\/wp\/v2\/posts\/4497\/revisions\/4502"}],"wp:featuredmedia":[{"embeddable":true,"href":"https:\/\/vecinosdelinterior.com\/index.php\/wp-json\/wp\/v2\/media\/4498"}],"wp:attachment":[{"href":"https:\/\/vecinosdelinterior.com\/index.php\/wp-json\/wp\/v2\/media?parent=4497"}],"wp:term":[{"taxonomy":"category","embeddable":true,"href":"https:\/\/vecinosdelinterior.com\/index.php\/wp-json\/wp\/v2\/categories?post=4497"},{"taxonomy":"post_tag","embeddable":true,"href":"https:\/\/vecinosdelinterior.com\/index.php\/wp-json\/wp\/v2\/tags?post=4497"}],"curies":[{"name":"wp","href":"https:\/\/api.w.org\/{rel}","templated":true}]}}