{"id":4506,"date":"2025-05-13T08:25:15","date_gmt":"2025-05-13T11:25:15","guid":{"rendered":"https:\/\/vecinosdelinterior.com\/?p=4506"},"modified":"2025-05-15T08:26:18","modified_gmt":"2025-05-15T11:26:18","slug":"buena-esperanza-municipio-y-pastores-reunidos-2","status":"publish","type":"post","link":"https:\/\/vecinosdelinterior.com\/index.php\/2025\/05\/13\/buena-esperanza-municipio-y-pastores-reunidos-2\/","title":{"rendered":"Buena Esperanza: municipio y pastores reunidos"},"content":{"rendered":"\n<p>vecinosdelinterior.com \/ 13 de mayo<br>La Intendente Sof\u00eda Larroud\u00e9 recibi\u00f3 a los pastores \u00d3scar Ariel Pardo y Gladys Daniela Vara de la Misi\u00f3n Apost\u00f3lica Pentecostal.<br>\u00abLa Municipalidad acompa\u00f1a y valora el trabajo de todas las expresiones de fe que fortalecen el tejido social de nuestra comunidad\u00bb, destacaron desde la red social municipal.<\/p>\n\n\n\n<figure class=\"wp-block-image size-large\"><img fetchpriority=\"high\" decoding=\"async\" width=\"768\" height=\"1024\" src=\"https:\/\/vecinosdelinterior.com\/wp-content\/uploads\/2025\/05\/496431890_555953160888708_6675416189430755957_n-768x1024.jpg\" alt=\"\" class=\"wp-image-4507\" srcset=\"https:\/\/vecinosdelinterior.com\/wp-content\/uploads\/2025\/05\/496431890_555953160888708_6675416189430755957_n-768x1024.jpg 768w, https:\/\/vecinosdelinterior.com\/wp-content\/uploads\/2025\/05\/496431890_555953160888708_6675416189430755957_n-225x300.jpg 225w, https:\/\/vecinosdelinterior.com\/wp-content\/uploads\/2025\/05\/496431890_555953160888708_6675416189430755957_n-1152x1536.jpg 1152w, https:\/\/vecinosdelinterior.com\/wp-content\/uploads\/2025\/05\/496431890_555953160888708_6675416189430755957_n-750x1000.jpg 750w, https:\/\/vecinosdelinterior.com\/wp-content\/uploads\/2025\/05\/496431890_555953160888708_6675416189430755957_n-1140x1520.jpg 1140w, https:\/\/vecinosdelinterior.com\/wp-content\/uploads\/2025\/05\/496431890_555953160888708_6675416189430755957_n.jpg 1200w\" sizes=\"(max-width: 768px) 100vw, 768px\" \/><\/figure>\n","protected":false},"excerpt":{"rendered":"<p>vecinosdelinterior.com \/ 13 de mayoLa Intendente Sof\u00eda Larroud\u00e9 recibi\u00f3 a los pastores \u00d3scar Ariel Pardo y Gladys Daniela Vara de la Misi\u00f3n Apost\u00f3lica Pentecostal.\u00abLa Municipalidad acompa\u00f1a y valora el trabajo de todas las expresiones de fe que fortalecen el tejido social de nuestra comunidad\u00bb, destacaron desde la red social municipal.<\/p>\n","protected":false},"author":1,"featured_media":4507,"comment_status":"open","ping_status":"open","sticky":false,"template":"","format":"standard","meta":{"footnotes":""},"categories":[18,16],"tags":[],"class_list":["post-4506","post","type-post","status-publish","format-standard","has-post-thumbnail","hentry","category-buena-esperanza-dupuy","category-dupuy"],"_links":{"self":[{"href":"https:\/\/vecinosdelinterior.com\/index.php\/wp-json\/wp\/v2\/posts\/4506","targetHints":{"allow":["GET"]}}],"collection":[{"href":"https:\/\/vecinosdelinterior.com\/index.php\/wp-json\/wp\/v2\/posts"}],"about":[{"href":"https:\/\/vecinosdelinterior.com\/index.php\/wp-json\/wp\/v2\/types\/post"}],"author":[{"embeddable":true,"href":"https:\/\/vecinosdelinterior.com\/index.php\/wp-json\/wp\/v2\/users\/1"}],"replies":[{"embeddable":true,"href":"https:\/\/vecinosdelinterior.com\/index.php\/wp-json\/wp\/v2\/comments?post=4506"}],"version-history":[{"count":1,"href":"https:\/\/vecinosdelinterior.com\/index.php\/wp-json\/wp\/v2\/posts\/4506\/revisions"}],"predecessor-version":[{"id":4508,"href":"https:\/\/vecinosdelinterior.com\/index.php\/wp-json\/wp\/v2\/posts\/4506\/revisions\/4508"}],"wp:featuredmedia":[{"embeddable":true,"href":"https:\/\/vecinosdelinterior.com\/index.php\/wp-json\/wp\/v2\/media\/4507"}],"wp:attachment":[{"href":"https:\/\/vecinosdelinterior.com\/index.php\/wp-json\/wp\/v2\/media?parent=4506"}],"wp:term":[{"taxonomy":"category","embeddable":true,"href":"https:\/\/vecinosdelinterior.com\/index.php\/wp-json\/wp\/v2\/categories?post=4506"},{"taxonomy":"post_tag","embeddable":true,"href":"https:\/\/vecinosdelinterior.com\/index.php\/wp-json\/wp\/v2\/tags?post=4506"}],"curies":[{"name":"wp","href":"https:\/\/api.w.org\/{rel}","templated":true}]}}