{"id":4535,"date":"2025-05-17T11:50:18","date_gmt":"2025-05-17T14:50:18","guid":{"rendered":"https:\/\/vecinosdelinterior.com\/?p=4535"},"modified":"2025-05-18T11:51:36","modified_gmt":"2025-05-18T14:51:36","slug":"villa-de-merlo-un-hombre-volco-en-su-camioneta-y-dio-positivo-en-el-alcotest","status":"publish","type":"post","link":"https:\/\/vecinosdelinterior.com\/index.php\/2025\/05\/17\/villa-de-merlo-un-hombre-volco-en-su-camioneta-y-dio-positivo-en-el-alcotest\/","title":{"rendered":"Villa de Merlo: un hombre volc\u00f3 en su camioneta y dio positivo en el alcotest"},"content":{"rendered":"\n<p>Vecinos del Interior Puntano \/ 17 de mayo<br>Desde la Comisar\u00eda Seccional 42\u00b0 informaron que este s\u00e1bado a la madrugada, alrededor de las 5:00, se produjo un accidente de tr\u00e1nsito en la ruta provincial 5, en Villa de Merlo.<br>De acuerdo a la informaci\u00f3n, un hombre de 33 a\u00f1os de edad conduc\u00eda de oeste a este una camioneta Volkswagen Saveiro por la mencionada ruta y, aparentemente tras quedarse dormido, perdi\u00f3 el control del veh\u00edculo, el cual cruz\u00f3 de carril y termin\u00f3 volcado sobre la banquina.<br>El hombre logr\u00f3 salir por sus propios medios y pidi\u00f3 ayuda sobre la ruta.<br>En el lugar fue asistido por personal m\u00e9dico del Sempro y posteriormente fue trasladado al Hospital \u201cMadre Catalina Rodr\u00edguez\u201d para una mejor atenci\u00f3n m\u00e9dica.<br>Posteriormente, efectivos de Polic\u00eda Caminera se hicieron presentes en el hospital y le realizaron el alcotest al hombre, el cual arroj\u00f3 resultado positivo de 1,29 gr\/lts de alcohol en sangre.<\/p>\n\n\n\n<figure class=\"wp-block-gallery has-nested-images columns-default is-cropped wp-block-gallery-1 is-layout-flex wp-block-gallery-is-layout-flex\">\n<figure class=\"wp-block-image size-large\"><img fetchpriority=\"high\" decoding=\"async\" width=\"522\" height=\"406\" data-id=\"4536\" src=\"https:\/\/vecinosdelinterior.com\/wp-content\/uploads\/2025\/05\/498609618_558872470596777_6255258005730781197_n.jpg\" alt=\"\" class=\"wp-image-4536\" srcset=\"https:\/\/vecinosdelinterior.com\/wp-content\/uploads\/2025\/05\/498609618_558872470596777_6255258005730781197_n.jpg 522w, https:\/\/vecinosdelinterior.com\/wp-content\/uploads\/2025\/05\/498609618_558872470596777_6255258005730781197_n-300x233.jpg 300w\" sizes=\"(max-width: 522px) 100vw, 522px\" \/><\/figure>\n\n\n\n<figure class=\"wp-block-image size-large\"><img decoding=\"async\" width=\"815\" height=\"576\" data-id=\"4537\" src=\"https:\/\/vecinosdelinterior.com\/wp-content\/uploads\/2025\/05\/498461680_558872437263447_6592859567895403428_n.jpg\" alt=\"\" class=\"wp-image-4537\" srcset=\"https:\/\/vecinosdelinterior.com\/wp-content\/uploads\/2025\/05\/498461680_558872437263447_6592859567895403428_n.jpg 815w, https:\/\/vecinosdelinterior.com\/wp-content\/uploads\/2025\/05\/498461680_558872437263447_6592859567895403428_n-300x212.jpg 300w, https:\/\/vecinosdelinterior.com\/wp-content\/uploads\/2025\/05\/498461680_558872437263447_6592859567895403428_n-768x543.jpg 768w, https:\/\/vecinosdelinterior.com\/wp-content\/uploads\/2025\/05\/498461680_558872437263447_6592859567895403428_n-120x86.jpg 120w, https:\/\/vecinosdelinterior.com\/wp-content\/uploads\/2025\/05\/498461680_558872437263447_6592859567895403428_n-750x530.jpg 750w\" sizes=\"(max-width: 815px) 100vw, 815px\" \/><\/figure>\n<\/figure>\n","protected":false},"excerpt":{"rendered":"<p>Vecinos del Interior Puntano \/ 17 de mayoDesde la Comisar\u00eda Seccional 42\u00b0 informaron que este s\u00e1bado a la madrugada, alrededor de las 5:00, se produjo un accidente de tr\u00e1nsito en la ruta provincial 5, en Villa de Merlo.De acuerdo a la informaci\u00f3n, un hombre de 33 a\u00f1os de edad conduc\u00eda de oeste a este una [&hellip;]<\/p>\n","protected":false},"author":1,"featured_media":4537,"comment_status":"open","ping_status":"open","sticky":false,"template":"","format":"standard","meta":{"footnotes":""},"categories":[23,73],"tags":[46],"class_list":["post-4535","post","type-post","status-publish","format-standard","has-post-thumbnail","hentry","category-junin","category-merlo","tag-policiales"],"_links":{"self":[{"href":"https:\/\/vecinosdelinterior.com\/index.php\/wp-json\/wp\/v2\/posts\/4535","targetHints":{"allow":["GET"]}}],"collection":[{"href":"https:\/\/vecinosdelinterior.com\/index.php\/wp-json\/wp\/v2\/posts"}],"about":[{"href":"https:\/\/vecinosdelinterior.com\/index.php\/wp-json\/wp\/v2\/types\/post"}],"author":[{"embeddable":true,"href":"https:\/\/vecinosdelinterior.com\/index.php\/wp-json\/wp\/v2\/users\/1"}],"replies":[{"embeddable":true,"href":"https:\/\/vecinosdelinterior.com\/index.php\/wp-json\/wp\/v2\/comments?post=4535"}],"version-history":[{"count":1,"href":"https:\/\/vecinosdelinterior.com\/index.php\/wp-json\/wp\/v2\/posts\/4535\/revisions"}],"predecessor-version":[{"id":4538,"href":"https:\/\/vecinosdelinterior.com\/index.php\/wp-json\/wp\/v2\/posts\/4535\/revisions\/4538"}],"wp:featuredmedia":[{"embeddable":true,"href":"https:\/\/vecinosdelinterior.com\/index.php\/wp-json\/wp\/v2\/media\/4537"}],"wp:attachment":[{"href":"https:\/\/vecinosdelinterior.com\/index.php\/wp-json\/wp\/v2\/media?parent=4535"}],"wp:term":[{"taxonomy":"category","embeddable":true,"href":"https:\/\/vecinosdelinterior.com\/index.php\/wp-json\/wp\/v2\/categories?post=4535"},{"taxonomy":"post_tag","embeddable":true,"href":"https:\/\/vecinosdelinterior.com\/index.php\/wp-json\/wp\/v2\/tags?post=4535"}],"curies":[{"name":"wp","href":"https:\/\/api.w.org\/{rel}","templated":true}]}}