{"id":4539,"date":"2025-05-18T11:52:32","date_gmt":"2025-05-18T14:52:32","guid":{"rendered":"https:\/\/vecinosdelinterior.com\/?p=4539"},"modified":"2025-05-18T11:52:32","modified_gmt":"2025-05-18T14:52:32","slug":"un-hombre-resulto-herido-por-el-choque-entre-una-motocicleta-y-un-auto","status":"publish","type":"post","link":"https:\/\/vecinosdelinterior.com\/index.php\/2025\/05\/18\/un-hombre-resulto-herido-por-el-choque-entre-una-motocicleta-y-un-auto\/","title":{"rendered":"Un hombre result\u00f3 herido por el choque entre una motocicleta y un auto"},"content":{"rendered":"\n<p>VECINOSDELINTERIOR.COM \/ 18 DE MAYO<br>Desde la Comisar\u00eda Seccional 42\u00b0 informaron que este s\u00e1bado, alrededor de las 13:00, se produjo un accidente de tr\u00e1nsito en Villa de Merlo.<br>Seg\u00fan el informe del personal policial interviniente, un autom\u00f3vil Peugeot 208 y una motocicleta Motomel Eco 70 cc chocaron en la esquina de Avenida del Sol y calle Coronel Pringles, por razones que se tratan de establecer.<br>El auto era conducido por un joven de 18 a\u00f1os y circulaba de oeste a este por Avenida del Sol, mientras que la moto era conducida por un hombre de 33 a\u00f1os y circulaba por calle Coronel Pringles de norte a sur.<br>Tras el impacto, el hombre de 33 a\u00f1os que manejaba la moto fue atendido en el lugar por personal de salud y luego fue trasladado en ambulancia hacia el Hospital \u201cMadre Catalina Rodr\u00edguez\u201d para una atenci\u00f3n m\u00e9dica m\u00e1s compleja, siendo dado de alta posteriormente de acuerdo a lo informado desde la Comisar\u00eda Seccional 42\u00b0<\/p>\n\n\n\n<figure class=\"wp-block-gallery has-nested-images columns-default is-cropped wp-block-gallery-1 is-layout-flex wp-block-gallery-is-layout-flex\">\n<figure class=\"wp-block-image size-large\"><img fetchpriority=\"high\" decoding=\"async\" width=\"831\" height=\"606\" data-id=\"4540\" src=\"https:\/\/vecinosdelinterior.com\/wp-content\/uploads\/2025\/05\/WhatsApp-Image-2025-05-17-at-8.12.21-PM-1.jpeg\" alt=\"\" class=\"wp-image-4540\" srcset=\"https:\/\/vecinosdelinterior.com\/wp-content\/uploads\/2025\/05\/WhatsApp-Image-2025-05-17-at-8.12.21-PM-1.jpeg 831w, https:\/\/vecinosdelinterior.com\/wp-content\/uploads\/2025\/05\/WhatsApp-Image-2025-05-17-at-8.12.21-PM-1-300x219.jpeg 300w, https:\/\/vecinosdelinterior.com\/wp-content\/uploads\/2025\/05\/WhatsApp-Image-2025-05-17-at-8.12.21-PM-1-768x560.jpeg 768w, https:\/\/vecinosdelinterior.com\/wp-content\/uploads\/2025\/05\/WhatsApp-Image-2025-05-17-at-8.12.21-PM-1-750x547.jpeg 750w\" sizes=\"(max-width: 831px) 100vw, 831px\" \/><\/figure>\n\n\n\n<figure class=\"wp-block-image size-large\"><img decoding=\"async\" width=\"1024\" height=\"742\" data-id=\"4541\" src=\"https:\/\/vecinosdelinterior.com\/wp-content\/uploads\/2025\/05\/WhatsApp-Image-2025-05-17-at-8.12.21-PM-1024x742.jpeg\" alt=\"\" class=\"wp-image-4541\" srcset=\"https:\/\/vecinosdelinterior.com\/wp-content\/uploads\/2025\/05\/WhatsApp-Image-2025-05-17-at-8.12.21-PM-1024x742.jpeg 1024w, https:\/\/vecinosdelinterior.com\/wp-content\/uploads\/2025\/05\/WhatsApp-Image-2025-05-17-at-8.12.21-PM-300x217.jpeg 300w, https:\/\/vecinosdelinterior.com\/wp-content\/uploads\/2025\/05\/WhatsApp-Image-2025-05-17-at-8.12.21-PM-768x557.jpeg 768w, https:\/\/vecinosdelinterior.com\/wp-content\/uploads\/2025\/05\/WhatsApp-Image-2025-05-17-at-8.12.21-PM-120x86.jpeg 120w, https:\/\/vecinosdelinterior.com\/wp-content\/uploads\/2025\/05\/WhatsApp-Image-2025-05-17-at-8.12.21-PM-750x544.jpeg 750w, https:\/\/vecinosdelinterior.com\/wp-content\/uploads\/2025\/05\/WhatsApp-Image-2025-05-17-at-8.12.21-PM-1140x826.jpeg 1140w, https:\/\/vecinosdelinterior.com\/wp-content\/uploads\/2025\/05\/WhatsApp-Image-2025-05-17-at-8.12.21-PM.jpeg 1232w\" sizes=\"(max-width: 1024px) 100vw, 1024px\" \/><\/figure>\n<\/figure>\n","protected":false},"excerpt":{"rendered":"<p>VECINOSDELINTERIOR.COM \/ 18 DE MAYODesde la Comisar\u00eda Seccional 42\u00b0 informaron que este s\u00e1bado, alrededor de las 13:00, se produjo un accidente de tr\u00e1nsito en Villa de Merlo.Seg\u00fan el informe del personal policial interviniente, un autom\u00f3vil Peugeot 208 y una motocicleta Motomel Eco 70 cc chocaron en la esquina de Avenida del Sol y calle Coronel [&hellip;]<\/p>\n","protected":false},"author":1,"featured_media":4541,"comment_status":"open","ping_status":"open","sticky":false,"template":"","format":"standard","meta":{"footnotes":""},"categories":[23,73],"tags":[46],"class_list":["post-4539","post","type-post","status-publish","format-standard","has-post-thumbnail","hentry","category-junin","category-merlo","tag-policiales"],"_links":{"self":[{"href":"https:\/\/vecinosdelinterior.com\/index.php\/wp-json\/wp\/v2\/posts\/4539","targetHints":{"allow":["GET"]}}],"collection":[{"href":"https:\/\/vecinosdelinterior.com\/index.php\/wp-json\/wp\/v2\/posts"}],"about":[{"href":"https:\/\/vecinosdelinterior.com\/index.php\/wp-json\/wp\/v2\/types\/post"}],"author":[{"embeddable":true,"href":"https:\/\/vecinosdelinterior.com\/index.php\/wp-json\/wp\/v2\/users\/1"}],"replies":[{"embeddable":true,"href":"https:\/\/vecinosdelinterior.com\/index.php\/wp-json\/wp\/v2\/comments?post=4539"}],"version-history":[{"count":1,"href":"https:\/\/vecinosdelinterior.com\/index.php\/wp-json\/wp\/v2\/posts\/4539\/revisions"}],"predecessor-version":[{"id":4542,"href":"https:\/\/vecinosdelinterior.com\/index.php\/wp-json\/wp\/v2\/posts\/4539\/revisions\/4542"}],"wp:featuredmedia":[{"embeddable":true,"href":"https:\/\/vecinosdelinterior.com\/index.php\/wp-json\/wp\/v2\/media\/4541"}],"wp:attachment":[{"href":"https:\/\/vecinosdelinterior.com\/index.php\/wp-json\/wp\/v2\/media?parent=4539"}],"wp:term":[{"taxonomy":"category","embeddable":true,"href":"https:\/\/vecinosdelinterior.com\/index.php\/wp-json\/wp\/v2\/categories?post=4539"},{"taxonomy":"post_tag","embeddable":true,"href":"https:\/\/vecinosdelinterior.com\/index.php\/wp-json\/wp\/v2\/tags?post=4539"}],"curies":[{"name":"wp","href":"https:\/\/api.w.org\/{rel}","templated":true}]}}