{"id":4559,"date":"2025-05-22T08:59:00","date_gmt":"2025-05-22T11:59:00","guid":{"rendered":"https:\/\/vecinosdelinterior.com\/?p=4559"},"modified":"2025-05-22T21:01:30","modified_gmt":"2025-05-23T00:01:30","slug":"tilisarao-organiza-el-15-concurso-de-locro-patrio","status":"publish","type":"post","link":"https:\/\/vecinosdelinterior.com\/index.php\/2025\/05\/22\/tilisarao-organiza-el-15-concurso-de-locro-patrio\/","title":{"rendered":"Tilisarao organiza el 15\u00b0 Concurso de Locro Patrio"},"content":{"rendered":"\n<p>VECINOSDELINTERIOR.COM \/ 21 DE MAYO<br>Ser\u00e1 este Domingo 25 de Mayo a las 11:00 horas en el Edificio Municipal \u00abPatio de la Democracia\u00bb<br>La municipalidad invita a emprendedores, organizaciones e instituciones de la localidad a participar de este gran evento culinario donde habr\u00e1 importantes premios que van desde los $ 80 mil hasta los 200 mil pesos<br>Adem\u00e1s actuar\u00e1n las Voces del Roc\u00edo<br>\ud83d\udcde Para m\u00e1s informaci\u00f3n comun\u00edcate al 266-4000746 (Ezequiel) o ac\u00e9rcate por el Municipio de 09:00 a 13:00 a la Subsecretar\u00eda de Cultura y Comunicaci\u00f3n<\/p>\n\n\n\n<figure class=\"wp-block-image size-full\"><img fetchpriority=\"high\" decoding=\"async\" width=\"526\" height=\"526\" src=\"https:\/\/vecinosdelinterior.com\/wp-content\/uploads\/2025\/05\/499920746_561604956990195_4888493266799712738_n.jpg\" alt=\"\" class=\"wp-image-4560\" srcset=\"https:\/\/vecinosdelinterior.com\/wp-content\/uploads\/2025\/05\/499920746_561604956990195_4888493266799712738_n.jpg 526w, https:\/\/vecinosdelinterior.com\/wp-content\/uploads\/2025\/05\/499920746_561604956990195_4888493266799712738_n-300x300.jpg 300w, https:\/\/vecinosdelinterior.com\/wp-content\/uploads\/2025\/05\/499920746_561604956990195_4888493266799712738_n-150x150.jpg 150w, https:\/\/vecinosdelinterior.com\/wp-content\/uploads\/2025\/05\/499920746_561604956990195_4888493266799712738_n-75x75.jpg 75w\" sizes=\"(max-width: 526px) 100vw, 526px\" \/><\/figure>\n","protected":false},"excerpt":{"rendered":"<p>VECINOSDELINTERIOR.COM \/ 21 DE MAYOSer\u00e1 este Domingo 25 de Mayo a las 11:00 horas en el Edificio Municipal \u00abPatio de la Democracia\u00bbLa municipalidad invita a emprendedores, organizaciones e instituciones de la localidad a participar de este gran evento culinario donde habr\u00e1 importantes premios que van desde los $ 80 mil hasta los 200 mil pesosAdem\u00e1s [&hellip;]<\/p>\n","protected":false},"author":1,"featured_media":4560,"comment_status":"open","ping_status":"open","sticky":false,"template":"","format":"standard","meta":{"footnotes":""},"categories":[29,30],"tags":[391,175],"class_list":["post-4559","post","type-post","status-publish","format-standard","has-post-thumbnail","hentry","category-chacabuco","category-tilisarao","tag-eventos","tag-turismo"],"_links":{"self":[{"href":"https:\/\/vecinosdelinterior.com\/index.php\/wp-json\/wp\/v2\/posts\/4559","targetHints":{"allow":["GET"]}}],"collection":[{"href":"https:\/\/vecinosdelinterior.com\/index.php\/wp-json\/wp\/v2\/posts"}],"about":[{"href":"https:\/\/vecinosdelinterior.com\/index.php\/wp-json\/wp\/v2\/types\/post"}],"author":[{"embeddable":true,"href":"https:\/\/vecinosdelinterior.com\/index.php\/wp-json\/wp\/v2\/users\/1"}],"replies":[{"embeddable":true,"href":"https:\/\/vecinosdelinterior.com\/index.php\/wp-json\/wp\/v2\/comments?post=4559"}],"version-history":[{"count":1,"href":"https:\/\/vecinosdelinterior.com\/index.php\/wp-json\/wp\/v2\/posts\/4559\/revisions"}],"predecessor-version":[{"id":4561,"href":"https:\/\/vecinosdelinterior.com\/index.php\/wp-json\/wp\/v2\/posts\/4559\/revisions\/4561"}],"wp:featuredmedia":[{"embeddable":true,"href":"https:\/\/vecinosdelinterior.com\/index.php\/wp-json\/wp\/v2\/media\/4560"}],"wp:attachment":[{"href":"https:\/\/vecinosdelinterior.com\/index.php\/wp-json\/wp\/v2\/media?parent=4559"}],"wp:term":[{"taxonomy":"category","embeddable":true,"href":"https:\/\/vecinosdelinterior.com\/index.php\/wp-json\/wp\/v2\/categories?post=4559"},{"taxonomy":"post_tag","embeddable":true,"href":"https:\/\/vecinosdelinterior.com\/index.php\/wp-json\/wp\/v2\/tags?post=4559"}],"curies":[{"name":"wp","href":"https:\/\/api.w.org\/{rel}","templated":true}]}}