{"id":4563,"date":"2025-05-21T21:02:14","date_gmt":"2025-05-22T00:02:14","guid":{"rendered":"https:\/\/vecinosdelinterior.com\/?p=4563"},"modified":"2025-05-22T21:02:58","modified_gmt":"2025-05-23T00:02:58","slug":"villa-de-merlo-un-hombre-resulto-herido-tras-el-despiste-de-una-camioneta-en-la-ruta-provincial-5","status":"publish","type":"post","link":"https:\/\/vecinosdelinterior.com\/index.php\/2025\/05\/21\/villa-de-merlo-un-hombre-resulto-herido-tras-el-despiste-de-una-camioneta-en-la-ruta-provincial-5\/","title":{"rendered":"Villa de Merlo: un hombre result\u00f3 herido tras el despiste de una camioneta en la ruta provincial 5"},"content":{"rendered":"\n<p>Vecinos del Interior Puntano \/ 21 de mayo<br>Desde la Comisar\u00eda Seccional 42\u00b0 informaron que este mi\u00e9rcoles, alrededor de las 10:30, se produjo un accidente de tr\u00e1nsito en la ruta provincial 5, en Villa de Merlo.<br>De acuerdo al informe policial, un hombre de 56 a\u00f1os de edad conduc\u00eda de oeste a este una camioneta Volkswagen Saveiro por la mencionada ruta, en compa\u00f1\u00eda de un hombre de 38 a\u00f1os de edad (ambos con domicilio en Villa Dolores, provincia de C\u00f3rdoba), y por razones que se tratan de establecer, cerca del ingreso al barrio 272 Viviendas perdi\u00f3 el control del veh\u00edculo, el cual despist\u00f3 y derrap\u00f3 unos 150 metros hasta detenerse al costado de la banquina, entre unos arbustos.<br>Al lugar acudieron efectivos policiales de la Unidad Regional de Orden P\u00fablico (UROP) N\u00b0 6, personal de Bomberos Voluntarios de Villa de Merlo y personal m\u00e9dico en una ambulancia del sistema p\u00fablico de salud provincial, quienes asistieron a los dos ocupantes de la camioneta.<br>Posteriormente, el hombre de 38 a\u00f1os que iba como acompa\u00f1ante fue trasladado en ambulancia hacia el Hospital \u201cMadre Catalina Rodr\u00edguez\u201d de Villa de Merlo debido a que presentaba un fuerte dolor en uno de sus hombros tras el accidente.<\/p>\n\n\n\n<figure class=\"wp-block-image size-full\"><img fetchpriority=\"high\" decoding=\"async\" width=\"552\" height=\"522\" src=\"https:\/\/vecinosdelinterior.com\/wp-content\/uploads\/2025\/05\/500126624_561793166971374_4057042379392867816_n.jpg\" alt=\"\" class=\"wp-image-4564\" srcset=\"https:\/\/vecinosdelinterior.com\/wp-content\/uploads\/2025\/05\/500126624_561793166971374_4057042379392867816_n.jpg 552w, https:\/\/vecinosdelinterior.com\/wp-content\/uploads\/2025\/05\/500126624_561793166971374_4057042379392867816_n-300x284.jpg 300w\" sizes=\"(max-width: 552px) 100vw, 552px\" \/><\/figure>\n","protected":false},"excerpt":{"rendered":"<p>Vecinos del Interior Puntano \/ 21 de mayoDesde la Comisar\u00eda Seccional 42\u00b0 informaron que este mi\u00e9rcoles, alrededor de las 10:30, se produjo un accidente de tr\u00e1nsito en la ruta provincial 5, en Villa de Merlo.De acuerdo al informe policial, un hombre de 56 a\u00f1os de edad conduc\u00eda de oeste a este una camioneta Volkswagen Saveiro [&hellip;]<\/p>\n","protected":false},"author":1,"featured_media":4564,"comment_status":"open","ping_status":"open","sticky":false,"template":"","format":"standard","meta":{"footnotes":""},"categories":[23,73],"tags":[],"class_list":["post-4563","post","type-post","status-publish","format-standard","has-post-thumbnail","hentry","category-junin","category-merlo"],"_links":{"self":[{"href":"https:\/\/vecinosdelinterior.com\/index.php\/wp-json\/wp\/v2\/posts\/4563","targetHints":{"allow":["GET"]}}],"collection":[{"href":"https:\/\/vecinosdelinterior.com\/index.php\/wp-json\/wp\/v2\/posts"}],"about":[{"href":"https:\/\/vecinosdelinterior.com\/index.php\/wp-json\/wp\/v2\/types\/post"}],"author":[{"embeddable":true,"href":"https:\/\/vecinosdelinterior.com\/index.php\/wp-json\/wp\/v2\/users\/1"}],"replies":[{"embeddable":true,"href":"https:\/\/vecinosdelinterior.com\/index.php\/wp-json\/wp\/v2\/comments?post=4563"}],"version-history":[{"count":1,"href":"https:\/\/vecinosdelinterior.com\/index.php\/wp-json\/wp\/v2\/posts\/4563\/revisions"}],"predecessor-version":[{"id":4565,"href":"https:\/\/vecinosdelinterior.com\/index.php\/wp-json\/wp\/v2\/posts\/4563\/revisions\/4565"}],"wp:featuredmedia":[{"embeddable":true,"href":"https:\/\/vecinosdelinterior.com\/index.php\/wp-json\/wp\/v2\/media\/4564"}],"wp:attachment":[{"href":"https:\/\/vecinosdelinterior.com\/index.php\/wp-json\/wp\/v2\/media?parent=4563"}],"wp:term":[{"taxonomy":"category","embeddable":true,"href":"https:\/\/vecinosdelinterior.com\/index.php\/wp-json\/wp\/v2\/categories?post=4563"},{"taxonomy":"post_tag","embeddable":true,"href":"https:\/\/vecinosdelinterior.com\/index.php\/wp-json\/wp\/v2\/tags?post=4563"}],"curies":[{"name":"wp","href":"https:\/\/api.w.org\/{rel}","templated":true}]}}