{"id":4566,"date":"2025-05-21T21:03:00","date_gmt":"2025-05-22T00:03:00","guid":{"rendered":"https:\/\/vecinosdelinterior.com\/?p=4566"},"modified":"2025-05-22T21:07:07","modified_gmt":"2025-05-23T00:07:07","slug":"buena-esperanza-la-municipalidad-atendera-con-horario-reducido-este-jueves","status":"publish","type":"post","link":"https:\/\/vecinosdelinterior.com\/index.php\/2025\/05\/21\/buena-esperanza-la-municipalidad-atendera-con-horario-reducido-este-jueves\/","title":{"rendered":"Buena Esperanza: La Municipalidad atender\u00e1 con horario reducido este jueves"},"content":{"rendered":"\n<p>VECINODELINTERIOR.COM \/ 21 DE MAYO<br>La Municipalidad de Buena Esperanza informa a la comunidad que ma\u00f1ana, jueves 22 de mayo, la atenci\u00f3n al p\u00fablico se brindar\u00e1 \u00fanicamente hasta las 10:30 hs, debido a que los equipos administrativos estar\u00e1n afectados a una jornada de capacitaci\u00f3n.<br>Las actividades se retomar\u00e1n con normalidad el d\u00eda viernes 23 de mayo en los horarios habituales.<\/p>\n","protected":false},"excerpt":{"rendered":"<p>VECINODELINTERIOR.COM \/ 21 DE MAYOLa Municipalidad de Buena Esperanza informa a la comunidad que ma\u00f1ana, jueves 22 de mayo, la atenci\u00f3n al p\u00fablico se brindar\u00e1 \u00fanicamente hasta las 10:30 hs, debido a que los equipos administrativos estar\u00e1n afectados a una jornada de capacitaci\u00f3n.Las actividades se retomar\u00e1n con normalidad el d\u00eda viernes 23 de mayo en [&hellip;]<\/p>\n","protected":false},"author":1,"featured_media":4567,"comment_status":"open","ping_status":"open","sticky":false,"template":"","format":"standard","meta":{"footnotes":""},"categories":[1],"tags":[],"class_list":["post-4566","post","type-post","status-publish","format-standard","has-post-thumbnail","hentry","category-blog"],"_links":{"self":[{"href":"https:\/\/vecinosdelinterior.com\/index.php\/wp-json\/wp\/v2\/posts\/4566","targetHints":{"allow":["GET"]}}],"collection":[{"href":"https:\/\/vecinosdelinterior.com\/index.php\/wp-json\/wp\/v2\/posts"}],"about":[{"href":"https:\/\/vecinosdelinterior.com\/index.php\/wp-json\/wp\/v2\/types\/post"}],"author":[{"embeddable":true,"href":"https:\/\/vecinosdelinterior.com\/index.php\/wp-json\/wp\/v2\/users\/1"}],"replies":[{"embeddable":true,"href":"https:\/\/vecinosdelinterior.com\/index.php\/wp-json\/wp\/v2\/comments?post=4566"}],"version-history":[{"count":1,"href":"https:\/\/vecinosdelinterior.com\/index.php\/wp-json\/wp\/v2\/posts\/4566\/revisions"}],"predecessor-version":[{"id":4568,"href":"https:\/\/vecinosdelinterior.com\/index.php\/wp-json\/wp\/v2\/posts\/4566\/revisions\/4568"}],"wp:featuredmedia":[{"embeddable":true,"href":"https:\/\/vecinosdelinterior.com\/index.php\/wp-json\/wp\/v2\/media\/4567"}],"wp:attachment":[{"href":"https:\/\/vecinosdelinterior.com\/index.php\/wp-json\/wp\/v2\/media?parent=4566"}],"wp:term":[{"taxonomy":"category","embeddable":true,"href":"https:\/\/vecinosdelinterior.com\/index.php\/wp-json\/wp\/v2\/categories?post=4566"},{"taxonomy":"post_tag","embeddable":true,"href":"https:\/\/vecinosdelinterior.com\/index.php\/wp-json\/wp\/v2\/tags?post=4566"}],"curies":[{"name":"wp","href":"https:\/\/api.w.org\/{rel}","templated":true}]}}