{"id":4598,"date":"2025-05-26T07:17:00","date_gmt":"2025-05-26T10:17:00","guid":{"rendered":"https:\/\/vecinosdelinterior.com\/?p=4598"},"modified":"2025-05-26T19:18:52","modified_gmt":"2025-05-26T22:18:52","slug":"union-velada-del-25-de-mayo-celebrando-el-dia-de-la-patria","status":"publish","type":"post","link":"https:\/\/vecinosdelinterior.com\/index.php\/2025\/05\/26\/union-velada-del-25-de-mayo-celebrando-el-dia-de-la-patria\/","title":{"rendered":"Uni\u00f3n; Velada del 25 de Mayo &#8211; Celebrando el D\u00eda de la Patria"},"content":{"rendered":"\n<p>VECINOSDELINTERIOR.COM \/ 26 DE MAYO<br>En la noche del 24 de mayo vivimos una emotiva velada patria, en conmemoraci\u00f3n del 25 de Mayo, D\u00eda de la \u00abRevoluci\u00f3n de Mayo\u00bb. Fue una jornada cargada de emociones, tradici\u00f3n y orgullo nacional.<br>La noche se llen\u00f3 de m\u00fasica, danza y sentimiento patrio, gracias a la participaci\u00f3n de talentosos artistas, bailarines, y el acompa\u00f1amiento del p\u00fablico presente, que comparti\u00f3 con entusiasmo cada momento.<br>Fuente: Prensa Municipio de Uni\u00f3n<\/p>\n\n\n\n<figure class=\"wp-block-gallery has-nested-images columns-default is-cropped wp-block-gallery-1 is-layout-flex wp-block-gallery-is-layout-flex\">\n<figure class=\"wp-block-image size-large\"><img fetchpriority=\"high\" decoding=\"async\" width=\"1024\" height=\"733\" data-id=\"4599\" src=\"https:\/\/vecinosdelinterior.com\/wp-content\/uploads\/2025\/05\/500380593_1140731468093766_6656673664565614874_n-1024x733.jpg\" alt=\"\" class=\"wp-image-4599\" srcset=\"https:\/\/vecinosdelinterior.com\/wp-content\/uploads\/2025\/05\/500380593_1140731468093766_6656673664565614874_n-1024x733.jpg 1024w, https:\/\/vecinosdelinterior.com\/wp-content\/uploads\/2025\/05\/500380593_1140731468093766_6656673664565614874_n-300x215.jpg 300w, https:\/\/vecinosdelinterior.com\/wp-content\/uploads\/2025\/05\/500380593_1140731468093766_6656673664565614874_n-768x550.jpg 768w, https:\/\/vecinosdelinterior.com\/wp-content\/uploads\/2025\/05\/500380593_1140731468093766_6656673664565614874_n-120x86.jpg 120w, https:\/\/vecinosdelinterior.com\/wp-content\/uploads\/2025\/05\/500380593_1140731468093766_6656673664565614874_n-350x250.jpg 350w, https:\/\/vecinosdelinterior.com\/wp-content\/uploads\/2025\/05\/500380593_1140731468093766_6656673664565614874_n-750x537.jpg 750w, https:\/\/vecinosdelinterior.com\/wp-content\/uploads\/2025\/05\/500380593_1140731468093766_6656673664565614874_n-1140x816.jpg 1140w, https:\/\/vecinosdelinterior.com\/wp-content\/uploads\/2025\/05\/500380593_1140731468093766_6656673664565614874_n.jpg 1236w\" sizes=\"(max-width: 1024px) 100vw, 1024px\" \/><\/figure>\n\n\n\n<figure class=\"wp-block-image size-large\"><img decoding=\"async\" width=\"1024\" height=\"796\" data-id=\"4600\" src=\"https:\/\/vecinosdelinterior.com\/wp-content\/uploads\/2025\/05\/500763388_1140731161427130_8701996849681044483_n-1024x796.jpg\" alt=\"\" class=\"wp-image-4600\" srcset=\"https:\/\/vecinosdelinterior.com\/wp-content\/uploads\/2025\/05\/500763388_1140731161427130_8701996849681044483_n-1024x796.jpg 1024w, https:\/\/vecinosdelinterior.com\/wp-content\/uploads\/2025\/05\/500763388_1140731161427130_8701996849681044483_n-300x233.jpg 300w, https:\/\/vecinosdelinterior.com\/wp-content\/uploads\/2025\/05\/500763388_1140731161427130_8701996849681044483_n-768x597.jpg 768w, https:\/\/vecinosdelinterior.com\/wp-content\/uploads\/2025\/05\/500763388_1140731161427130_8701996849681044483_n-750x583.jpg 750w, https:\/\/vecinosdelinterior.com\/wp-content\/uploads\/2025\/05\/500763388_1140731161427130_8701996849681044483_n-1140x886.jpg 1140w, https:\/\/vecinosdelinterior.com\/wp-content\/uploads\/2025\/05\/500763388_1140731161427130_8701996849681044483_n.jpg 1280w\" sizes=\"(max-width: 1024px) 100vw, 1024px\" \/><\/figure>\n\n\n\n<figure class=\"wp-block-image size-large\"><img decoding=\"async\" width=\"1024\" height=\"710\" data-id=\"4601\" src=\"https:\/\/vecinosdelinterior.com\/wp-content\/uploads\/2025\/05\/500578876_1140731018093811_4129919762746762919_n-1024x710.jpg\" alt=\"\" class=\"wp-image-4601\" srcset=\"https:\/\/vecinosdelinterior.com\/wp-content\/uploads\/2025\/05\/500578876_1140731018093811_4129919762746762919_n-1024x710.jpg 1024w, https:\/\/vecinosdelinterior.com\/wp-content\/uploads\/2025\/05\/500578876_1140731018093811_4129919762746762919_n-300x208.jpg 300w, https:\/\/vecinosdelinterior.com\/wp-content\/uploads\/2025\/05\/500578876_1140731018093811_4129919762746762919_n-768x533.jpg 768w, https:\/\/vecinosdelinterior.com\/wp-content\/uploads\/2025\/05\/500578876_1140731018093811_4129919762746762919_n-750x520.jpg 750w, https:\/\/vecinosdelinterior.com\/wp-content\/uploads\/2025\/05\/500578876_1140731018093811_4129919762746762919_n-1140x791.jpg 1140w, https:\/\/vecinosdelinterior.com\/wp-content\/uploads\/2025\/05\/500578876_1140731018093811_4129919762746762919_n.jpg 1211w\" sizes=\"(max-width: 1024px) 100vw, 1024px\" \/><\/figure>\n\n\n\n<figure class=\"wp-block-image size-large\"><img loading=\"lazy\" decoding=\"async\" width=\"1024\" height=\"912\" data-id=\"4602\" src=\"https:\/\/vecinosdelinterior.com\/wp-content\/uploads\/2025\/05\/500281263_1140730924760487_5059324807692419525_n-1024x912.jpg\" alt=\"\" class=\"wp-image-4602\" srcset=\"https:\/\/vecinosdelinterior.com\/wp-content\/uploads\/2025\/05\/500281263_1140730924760487_5059324807692419525_n-1024x912.jpg 1024w, https:\/\/vecinosdelinterior.com\/wp-content\/uploads\/2025\/05\/500281263_1140730924760487_5059324807692419525_n-300x267.jpg 300w, https:\/\/vecinosdelinterior.com\/wp-content\/uploads\/2025\/05\/500281263_1140730924760487_5059324807692419525_n-768x684.jpg 768w, https:\/\/vecinosdelinterior.com\/wp-content\/uploads\/2025\/05\/500281263_1140730924760487_5059324807692419525_n-750x668.jpg 750w, https:\/\/vecinosdelinterior.com\/wp-content\/uploads\/2025\/05\/500281263_1140730924760487_5059324807692419525_n-1140x1015.jpg 1140w, https:\/\/vecinosdelinterior.com\/wp-content\/uploads\/2025\/05\/500281263_1140730924760487_5059324807692419525_n.jpg 1280w\" sizes=\"(max-width: 1024px) 100vw, 1024px\" \/><\/figure>\n<\/figure>\n","protected":false},"excerpt":{"rendered":"<p>VECINOSDELINTERIOR.COM \/ 26 DE MAYOEn la noche del 24 de mayo vivimos una emotiva velada patria, en conmemoraci\u00f3n del 25 de Mayo, D\u00eda de la \u00abRevoluci\u00f3n de Mayo\u00bb. Fue una jornada cargada de emociones, tradici\u00f3n y orgullo nacional.La noche se llen\u00f3 de m\u00fasica, danza y sentimiento patrio, gracias a la participaci\u00f3n de talentosos artistas, bailarines, [&hellip;]<\/p>\n","protected":false},"author":1,"featured_media":4601,"comment_status":"open","ping_status":"open","sticky":false,"template":"","format":"standard","meta":{"footnotes":""},"categories":[16,376],"tags":[391],"class_list":["post-4598","post","type-post","status-publish","format-standard","has-post-thumbnail","hentry","category-dupuy","category-union","tag-eventos"],"_links":{"self":[{"href":"https:\/\/vecinosdelinterior.com\/index.php\/wp-json\/wp\/v2\/posts\/4598","targetHints":{"allow":["GET"]}}],"collection":[{"href":"https:\/\/vecinosdelinterior.com\/index.php\/wp-json\/wp\/v2\/posts"}],"about":[{"href":"https:\/\/vecinosdelinterior.com\/index.php\/wp-json\/wp\/v2\/types\/post"}],"author":[{"embeddable":true,"href":"https:\/\/vecinosdelinterior.com\/index.php\/wp-json\/wp\/v2\/users\/1"}],"replies":[{"embeddable":true,"href":"https:\/\/vecinosdelinterior.com\/index.php\/wp-json\/wp\/v2\/comments?post=4598"}],"version-history":[{"count":1,"href":"https:\/\/vecinosdelinterior.com\/index.php\/wp-json\/wp\/v2\/posts\/4598\/revisions"}],"predecessor-version":[{"id":4603,"href":"https:\/\/vecinosdelinterior.com\/index.php\/wp-json\/wp\/v2\/posts\/4598\/revisions\/4603"}],"wp:featuredmedia":[{"embeddable":true,"href":"https:\/\/vecinosdelinterior.com\/index.php\/wp-json\/wp\/v2\/media\/4601"}],"wp:attachment":[{"href":"https:\/\/vecinosdelinterior.com\/index.php\/wp-json\/wp\/v2\/media?parent=4598"}],"wp:term":[{"taxonomy":"category","embeddable":true,"href":"https:\/\/vecinosdelinterior.com\/index.php\/wp-json\/wp\/v2\/categories?post=4598"},{"taxonomy":"post_tag","embeddable":true,"href":"https:\/\/vecinosdelinterior.com\/index.php\/wp-json\/wp\/v2\/tags?post=4598"}],"curies":[{"name":"wp","href":"https:\/\/api.w.org\/{rel}","templated":true}]}}