{"id":4633,"date":"2025-05-29T12:26:22","date_gmt":"2025-05-29T15:26:22","guid":{"rendered":"https:\/\/vecinosdelinterior.com\/?p=4633"},"modified":"2025-05-29T12:26:22","modified_gmt":"2025-05-29T15:26:22","slug":"continuan-las-mananas-con-temperaturas-bajo-cero-en-varias-localidades","status":"publish","type":"post","link":"https:\/\/vecinosdelinterior.com\/index.php\/2025\/05\/29\/continuan-las-mananas-con-temperaturas-bajo-cero-en-varias-localidades\/","title":{"rendered":"Contin\u00faan las ma\u00f1anas con temperaturas bajo cero en varias localidades"},"content":{"rendered":"\n<p>VECINOSDELINTERIOR.COM \/ 29 DE MAYO<br>San Martin fue la localidad donde m\u00e1s fr\u00edo hizo en la ma\u00f1ana de hoy, con &#8211; 6 grados.<br>Le siguieron Nachel y Concar\u00e1n con &#8211; 4 grados<br>El Valle del Conlara sigue siendo una de las zonas m\u00e1s fr\u00edas en estos d\u00edas en San Luis.<\/p>\n\n\n\n<figure class=\"wp-block-image size-large\"><img fetchpriority=\"high\" decoding=\"async\" width=\"839\" height=\"1024\" src=\"https:\/\/vecinosdelinterior.com\/wp-content\/uploads\/2025\/05\/501682761_18165431233351497_4260546879967991333_n-839x1024.jpg\" alt=\"\" class=\"wp-image-4634\" srcset=\"https:\/\/vecinosdelinterior.com\/wp-content\/uploads\/2025\/05\/501682761_18165431233351497_4260546879967991333_n-839x1024.jpg 839w, https:\/\/vecinosdelinterior.com\/wp-content\/uploads\/2025\/05\/501682761_18165431233351497_4260546879967991333_n-246x300.jpg 246w, https:\/\/vecinosdelinterior.com\/wp-content\/uploads\/2025\/05\/501682761_18165431233351497_4260546879967991333_n-768x937.jpg 768w, https:\/\/vecinosdelinterior.com\/wp-content\/uploads\/2025\/05\/501682761_18165431233351497_4260546879967991333_n-750x915.jpg 750w, https:\/\/vecinosdelinterior.com\/wp-content\/uploads\/2025\/05\/501682761_18165431233351497_4260546879967991333_n.jpg 1080w\" sizes=\"(max-width: 839px) 100vw, 839px\" \/><\/figure>\n","protected":false},"excerpt":{"rendered":"<p>VECINOSDELINTERIOR.COM \/ 29 DE MAYOSan Martin fue la localidad donde m\u00e1s fr\u00edo hizo en la ma\u00f1ana de hoy, con &#8211; 6 grados.Le siguieron Nachel y Concar\u00e1n con &#8211; 4 gradosEl Valle del Conlara sigue siendo una de las zonas m\u00e1s fr\u00edas en estos d\u00edas en San Luis.<\/p>\n","protected":false},"author":1,"featured_media":4634,"comment_status":"open","ping_status":"open","sticky":false,"template":"","format":"standard","meta":{"footnotes":""},"categories":[1],"tags":[],"class_list":["post-4633","post","type-post","status-publish","format-standard","has-post-thumbnail","hentry","category-blog"],"_links":{"self":[{"href":"https:\/\/vecinosdelinterior.com\/index.php\/wp-json\/wp\/v2\/posts\/4633","targetHints":{"allow":["GET"]}}],"collection":[{"href":"https:\/\/vecinosdelinterior.com\/index.php\/wp-json\/wp\/v2\/posts"}],"about":[{"href":"https:\/\/vecinosdelinterior.com\/index.php\/wp-json\/wp\/v2\/types\/post"}],"author":[{"embeddable":true,"href":"https:\/\/vecinosdelinterior.com\/index.php\/wp-json\/wp\/v2\/users\/1"}],"replies":[{"embeddable":true,"href":"https:\/\/vecinosdelinterior.com\/index.php\/wp-json\/wp\/v2\/comments?post=4633"}],"version-history":[{"count":1,"href":"https:\/\/vecinosdelinterior.com\/index.php\/wp-json\/wp\/v2\/posts\/4633\/revisions"}],"predecessor-version":[{"id":4635,"href":"https:\/\/vecinosdelinterior.com\/index.php\/wp-json\/wp\/v2\/posts\/4633\/revisions\/4635"}],"wp:featuredmedia":[{"embeddable":true,"href":"https:\/\/vecinosdelinterior.com\/index.php\/wp-json\/wp\/v2\/media\/4634"}],"wp:attachment":[{"href":"https:\/\/vecinosdelinterior.com\/index.php\/wp-json\/wp\/v2\/media?parent=4633"}],"wp:term":[{"taxonomy":"category","embeddable":true,"href":"https:\/\/vecinosdelinterior.com\/index.php\/wp-json\/wp\/v2\/categories?post=4633"},{"taxonomy":"post_tag","embeddable":true,"href":"https:\/\/vecinosdelinterior.com\/index.php\/wp-json\/wp\/v2\/tags?post=4633"}],"curies":[{"name":"wp","href":"https:\/\/api.w.org\/{rel}","templated":true}]}}