{"id":4652,"date":"2025-06-02T21:28:00","date_gmt":"2025-06-03T00:28:00","guid":{"rendered":"https:\/\/vecinosdelinterior.com\/?p=4652"},"modified":"2025-06-02T21:28:00","modified_gmt":"2025-06-03T00:28:00","slug":"villa-larca-naturaleza-aventura-y-cultura-todo-el-ano","status":"publish","type":"post","link":"https:\/\/vecinosdelinterior.com\/index.php\/2025\/06\/02\/villa-larca-naturaleza-aventura-y-cultura-todo-el-ano\/","title":{"rendered":"Villa Larca, naturaleza, aventura y cultura todo el a\u00f1o"},"content":{"rendered":"\n<p>VECINOSDELINTERIOR.COM \/ 02 DE JUNIO<br>Este destino tur\u00edstico serrano ofrece una combinaci\u00f3n perfecta de naturaleza, cultura y aventura, convirti\u00e9ndose en un destino imperdible para quienes buscan experiencias aut\u00e9nticas que conecten con la vida.<br>\ud83d\udd39Iglesia Virgen de la Merced.<br>Ubicada al pie de las imponentes Sierras de los Comechingones, a tan solo 35 kil\u00f3metros de la tur\u00edstica Villa de Merlo, Villa Larca se presenta como un destino ideal para quienes buscan desconectar y sumergirse en la naturaleza.<\/p>\n\n\n\n<figure class=\"wp-block-gallery has-nested-images columns-default is-cropped wp-block-gallery-1 is-layout-flex wp-block-gallery-is-layout-flex\">\n<figure class=\"wp-block-image size-large\"><img fetchpriority=\"high\" decoding=\"async\" width=\"768\" height=\"464\" data-id=\"4653\" src=\"https:\/\/vecinosdelinterior.com\/wp-content\/uploads\/2025\/06\/503728804_570544136096277_6119950106650292007_n.jpg\" alt=\"\" class=\"wp-image-4653\" srcset=\"https:\/\/vecinosdelinterior.com\/wp-content\/uploads\/2025\/06\/503728804_570544136096277_6119950106650292007_n.jpg 768w, https:\/\/vecinosdelinterior.com\/wp-content\/uploads\/2025\/06\/503728804_570544136096277_6119950106650292007_n-300x181.jpg 300w, https:\/\/vecinosdelinterior.com\/wp-content\/uploads\/2025\/06\/503728804_570544136096277_6119950106650292007_n-750x453.jpg 750w\" sizes=\"(max-width: 768px) 100vw, 768px\" \/><\/figure>\n\n\n\n<figure class=\"wp-block-image size-large\"><img decoding=\"async\" width=\"768\" height=\"512\" data-id=\"4654\" src=\"https:\/\/vecinosdelinterior.com\/wp-content\/uploads\/2025\/06\/503283454_570544142762943_557191990988925328_n.jpg\" alt=\"\" class=\"wp-image-4654\" srcset=\"https:\/\/vecinosdelinterior.com\/wp-content\/uploads\/2025\/06\/503283454_570544142762943_557191990988925328_n.jpg 768w, https:\/\/vecinosdelinterior.com\/wp-content\/uploads\/2025\/06\/503283454_570544142762943_557191990988925328_n-300x200.jpg 300w, https:\/\/vecinosdelinterior.com\/wp-content\/uploads\/2025\/06\/503283454_570544142762943_557191990988925328_n-750x500.jpg 750w\" sizes=\"(max-width: 768px) 100vw, 768px\" \/><\/figure>\n\n\n\n<figure class=\"wp-block-image size-large\"><img decoding=\"async\" width=\"768\" height=\"512\" data-id=\"4655\" src=\"https:\/\/vecinosdelinterior.com\/wp-content\/uploads\/2025\/06\/503001129_570544132762944_6385797154906941963_n.jpg\" alt=\"\" class=\"wp-image-4655\" srcset=\"https:\/\/vecinosdelinterior.com\/wp-content\/uploads\/2025\/06\/503001129_570544132762944_6385797154906941963_n.jpg 768w, https:\/\/vecinosdelinterior.com\/wp-content\/uploads\/2025\/06\/503001129_570544132762944_6385797154906941963_n-300x200.jpg 300w, https:\/\/vecinosdelinterior.com\/wp-content\/uploads\/2025\/06\/503001129_570544132762944_6385797154906941963_n-750x500.jpg 750w\" sizes=\"(max-width: 768px) 100vw, 768px\" \/><\/figure>\n<\/figure>\n\n\n\n<p><br>El principal atractivo de Villa Larca es el Chorro de San Ignacio, una cascada de aproximadamente 25 metros de altura que se encuentra dentro de un parque nativo de nueve hect\u00e1reas. El complejo ofrece senderos, zonas de acampe, sanitarios con duchas y una proveedur\u00eda, y est\u00e1 abierto todo el a\u00f1o.<br>Siguiendo el cauce del arroyo, se llega a la Laguna Milagrosa, a la que se le atribuyen propiedades curativas. M\u00e1s adelante, se encuentra la Cueva del Indio, una formaci\u00f3n natural donde se han hallado restos \u00f3seos que se presume pertenecieron a un integrante de la comunidad originaria de los Comechingones<br>Otro punto de inter\u00e9s es la Piedra de Luz, una formaci\u00f3n rocosa que parece desafiar la gravedad al mantenerse en equilibrio sobre la sierra, ofreciendo vistas panor\u00e1micas del valle.<br>\ud83d\udd39Cultura, tradici\u00f3n y naturaleza en estado puro<br>Villa Larca celebra anualmente la Fiesta de los Artesanos en febrero, donde se instalan numerosos puestos de venta de productos en madera, cer\u00e1mica, cuero, tejidos y palma, acompa\u00f1ados de espect\u00e1culos art\u00edsticos.<br>Adem\u00e1s, en septiembre se lleva a cabo la Fiesta de la Virgen de la Merced, con actos religiosos, danzas folcl\u00f3ricas y gastronom\u00eda t\u00edpica, y en noviembre, el Festival de la Trucha, ideal para los amantes de la pesca y la naturaleza.<br>\ud83d\udd39Aventura y Ecoturismo<br>Para los entusiastas del ecoturismo, el emprendimiento Altos del C\u00f3ndor ofrece actividades como avistaje de c\u00f3ndores, trekking al filo de la sierra y safaris fotogr\u00e1ficos. Adem\u00e1s, cuenta con una huerta org\u00e1nica y promueve la educaci\u00f3n en el cuidado de la naturaleza.<br>En la zona tambi\u00e9n se pueden realizar actividades como cabalgatas, caminatas, parapente, rappel, tirolesa y ascensos a los Comechingones, acompa\u00f1ados por especialistas.<\/p>\n","protected":false},"excerpt":{"rendered":"<p>VECINOSDELINTERIOR.COM \/ 02 DE JUNIOEste destino tur\u00edstico serrano ofrece una combinaci\u00f3n perfecta de naturaleza, cultura y aventura, convirti\u00e9ndose en un destino imperdible para quienes buscan experiencias aut\u00e9nticas que conecten con la vida.\ud83d\udd39Iglesia Virgen de la Merced.Ubicada al pie de las imponentes Sierras de los Comechingones, a tan solo 35 kil\u00f3metros de la tur\u00edstica Villa de [&hellip;]<\/p>\n","protected":false},"author":1,"featured_media":4653,"comment_status":"open","ping_status":"open","sticky":false,"template":"","format":"standard","meta":{"footnotes":""},"categories":[1],"tags":[],"class_list":["post-4652","post","type-post","status-publish","format-standard","has-post-thumbnail","hentry","category-blog"],"_links":{"self":[{"href":"https:\/\/vecinosdelinterior.com\/index.php\/wp-json\/wp\/v2\/posts\/4652","targetHints":{"allow":["GET"]}}],"collection":[{"href":"https:\/\/vecinosdelinterior.com\/index.php\/wp-json\/wp\/v2\/posts"}],"about":[{"href":"https:\/\/vecinosdelinterior.com\/index.php\/wp-json\/wp\/v2\/types\/post"}],"author":[{"embeddable":true,"href":"https:\/\/vecinosdelinterior.com\/index.php\/wp-json\/wp\/v2\/users\/1"}],"replies":[{"embeddable":true,"href":"https:\/\/vecinosdelinterior.com\/index.php\/wp-json\/wp\/v2\/comments?post=4652"}],"version-history":[{"count":1,"href":"https:\/\/vecinosdelinterior.com\/index.php\/wp-json\/wp\/v2\/posts\/4652\/revisions"}],"predecessor-version":[{"id":4656,"href":"https:\/\/vecinosdelinterior.com\/index.php\/wp-json\/wp\/v2\/posts\/4652\/revisions\/4656"}],"wp:featuredmedia":[{"embeddable":true,"href":"https:\/\/vecinosdelinterior.com\/index.php\/wp-json\/wp\/v2\/media\/4653"}],"wp:attachment":[{"href":"https:\/\/vecinosdelinterior.com\/index.php\/wp-json\/wp\/v2\/media?parent=4652"}],"wp:term":[{"taxonomy":"category","embeddable":true,"href":"https:\/\/vecinosdelinterior.com\/index.php\/wp-json\/wp\/v2\/categories?post=4652"},{"taxonomy":"post_tag","embeddable":true,"href":"https:\/\/vecinosdelinterior.com\/index.php\/wp-json\/wp\/v2\/tags?post=4652"}],"curies":[{"name":"wp","href":"https:\/\/api.w.org\/{rel}","templated":true}]}}