{"id":4670,"date":"2025-06-03T20:42:57","date_gmt":"2025-06-03T23:42:57","guid":{"rendered":"https:\/\/vecinosdelinterior.com\/?p=4670"},"modified":"2025-06-03T20:42:57","modified_gmt":"2025-06-03T23:42:57","slug":"cortaderas-un-hombre-murio-tras-un-accidente-entre-un-auto-y-un-camion-en-la-ruta-provincial-1","status":"publish","type":"post","link":"https:\/\/vecinosdelinterior.com\/index.php\/2025\/06\/03\/cortaderas-un-hombre-murio-tras-un-accidente-entre-un-auto-y-un-camion-en-la-ruta-provincial-1\/","title":{"rendered":"Cortaderas: un hombre muri\u00f3 tras un accidente entre un auto y un cami\u00f3n en la ruta provincial 1"},"content":{"rendered":"\n<p>VECINOSDELINTERIOR.COM \/ 03 DE JUNIO<br>Desde la Comisar\u00eda Distrito 50\u00b0 informaron que este martes por la tarde, alrededor de las 15:00, se produjo un accidente de tr\u00e1nsito fatal en la ruta provincial 1, a la altura del kil\u00f3metro 20, antes del cruce del arroyo Ben\u00edtez, en la localidad de Cortaderas.<br>El siniestro vial fue reportado por personal de Defensa Civil, lo que motiv\u00f3 la inmediata intervenci\u00f3n de m\u00f3viles policiales de la Comisar\u00eda Distrito 50\u00b0 y de los servicios de emergencias.<br>En ese lugar de la ruta, por razones que se tratan de establecer, colisionaron de frente un autom\u00f3vil Renault Cl\u00edo que circulaba de sur a norte y que era conducido por un hombre de 27 a\u00f1os; y un cami\u00f3n Mercedes Benz (que remolcaba una m\u00e1quina), el cual circulaba de norte a sur y era conducido por un hombre de 34 a\u00f1os de edad.<br>Al lugar acudi\u00f3 personal m\u00e9dico del Sempro, quienes constataron que el hombre de 27 a\u00f1os que circulaba en el autom\u00f3vil Renault Cl\u00edo se encontraba sin vida, debido al impacto.<br>El chofer del cami\u00f3n, en tanto, se encontraba en buen estado de salud.<br>Luego del hecho, se dio conocimiento a la Fiscal\u00eda de turno de la Tercera Circunscripci\u00f3n Judicial, a cargo de la Dra. Silvina Arg\u00fcello, mientras contin\u00faan con las diligencias correspondientes para establecer las causas del siniestro.<\/p>\n","protected":false},"excerpt":{"rendered":"<p>VECINOSDELINTERIOR.COM \/ 03 DE JUNIODesde la Comisar\u00eda Distrito 50\u00b0 informaron que este martes por la tarde, alrededor de las 15:00, se produjo un accidente de tr\u00e1nsito fatal en la ruta provincial 1, a la altura del kil\u00f3metro 20, antes del cruce del arroyo Ben\u00edtez, en la localidad de Cortaderas.El siniestro vial fue reportado por personal [&hellip;]<\/p>\n","protected":false},"author":1,"featured_media":4671,"comment_status":"open","ping_status":"open","sticky":false,"template":"","format":"standard","meta":{"footnotes":""},"categories":[29,275],"tags":[46],"class_list":["post-4670","post","type-post","status-publish","format-standard","has-post-thumbnail","hentry","category-chacabuco","category-cortaderas","tag-policiales"],"_links":{"self":[{"href":"https:\/\/vecinosdelinterior.com\/index.php\/wp-json\/wp\/v2\/posts\/4670","targetHints":{"allow":["GET"]}}],"collection":[{"href":"https:\/\/vecinosdelinterior.com\/index.php\/wp-json\/wp\/v2\/posts"}],"about":[{"href":"https:\/\/vecinosdelinterior.com\/index.php\/wp-json\/wp\/v2\/types\/post"}],"author":[{"embeddable":true,"href":"https:\/\/vecinosdelinterior.com\/index.php\/wp-json\/wp\/v2\/users\/1"}],"replies":[{"embeddable":true,"href":"https:\/\/vecinosdelinterior.com\/index.php\/wp-json\/wp\/v2\/comments?post=4670"}],"version-history":[{"count":1,"href":"https:\/\/vecinosdelinterior.com\/index.php\/wp-json\/wp\/v2\/posts\/4670\/revisions"}],"predecessor-version":[{"id":4672,"href":"https:\/\/vecinosdelinterior.com\/index.php\/wp-json\/wp\/v2\/posts\/4670\/revisions\/4672"}],"wp:featuredmedia":[{"embeddable":true,"href":"https:\/\/vecinosdelinterior.com\/index.php\/wp-json\/wp\/v2\/media\/4671"}],"wp:attachment":[{"href":"https:\/\/vecinosdelinterior.com\/index.php\/wp-json\/wp\/v2\/media?parent=4670"}],"wp:term":[{"taxonomy":"category","embeddable":true,"href":"https:\/\/vecinosdelinterior.com\/index.php\/wp-json\/wp\/v2\/categories?post=4670"},{"taxonomy":"post_tag","embeddable":true,"href":"https:\/\/vecinosdelinterior.com\/index.php\/wp-json\/wp\/v2\/tags?post=4670"}],"curies":[{"name":"wp","href":"https:\/\/api.w.org\/{rel}","templated":true}]}}