{"id":4725,"date":"2025-06-09T20:39:28","date_gmt":"2025-06-09T23:39:28","guid":{"rendered":"https:\/\/vecinosdelinterior.com\/?p=4725"},"modified":"2025-06-09T20:39:28","modified_gmt":"2025-06-09T23:39:28","slug":"festejo-con-bengala-termino-con-12-alumnos-intoxicados-en-escuela-de-la-calera","status":"publish","type":"post","link":"https:\/\/vecinosdelinterior.com\/index.php\/2025\/06\/09\/festejo-con-bengala-termino-con-12-alumnos-intoxicados-en-escuela-de-la-calera\/","title":{"rendered":"Festejo con bengala termin\u00f3 con 12 alumnos intoxicados en escuela de La Calera"},"content":{"rendered":"\n<p>Al menos 12 alumnos del Centro Educativo N\u00b07 Ge\u00f3logo Rom\u00e1n Gui\u00f1az\u00fa de La Calera terminaron en el hospital por intoxicaci\u00f3n. El incidente ocurri\u00f3 dentro del Sal\u00f3n de Usos M\u00faltiples (SUM) del colegio, cuando se encendi\u00f3 una bengala de humo.<\/p>\n\n\n\n<p><br>El episodio tuvo lugar durante la presentaci\u00f3n de la promo de sexto grado. Una madre llev\u00f3 el artefacto pirot\u00e9cnico para el festejo, pero el humo afect\u00f3 a los estudiantes en el espacio cerrado.<\/p>\n\n\n\n<p>Cuatro de los alumnos, los m\u00e1s afectados, debieron ser trasladados al Hospital Pedi\u00e1trico de San Luis capital. La directora del establecimiento, Alejandra Espinoza, cont\u00f3 a medios locales que la madre entreg\u00f3 la bengala a uno de los alumnos y el humo invadi\u00f3 el SUM.<\/p>\n\n\n\n<p>En un primer momento, los estudiantes recibieron asistencia en el Centro de Atenci\u00f3n Primaria de la Salud (CAPS) de La Calera. Los casos m\u00e1s graves fueron derivados a San Luis capital. La directora afirm\u00f3 que todos los alumnos se encuentran fuera de peligro. SL24<\/p>\n","protected":false},"excerpt":{"rendered":"<p>Al menos 12 alumnos del Centro Educativo N\u00b07 Ge\u00f3logo Rom\u00e1n Gui\u00f1az\u00fa de La Calera terminaron en el hospital por intoxicaci\u00f3n. El incidente ocurri\u00f3 dentro del Sal\u00f3n de Usos M\u00faltiples (SUM) del colegio, cuando se encendi\u00f3 una bengala de humo. El episodio tuvo lugar durante la presentaci\u00f3n de la promo de sexto grado. Una madre llev\u00f3 [&hellip;]<\/p>\n","protected":false},"author":1,"featured_media":4726,"comment_status":"open","ping_status":"open","sticky":false,"template":"","format":"standard","meta":{"footnotes":""},"categories":[92,294],"tags":[],"class_list":["post-4725","post","type-post","status-publish","format-standard","has-post-thumbnail","hentry","category-belgrano","category-la-calera"],"_links":{"self":[{"href":"https:\/\/vecinosdelinterior.com\/index.php\/wp-json\/wp\/v2\/posts\/4725","targetHints":{"allow":["GET"]}}],"collection":[{"href":"https:\/\/vecinosdelinterior.com\/index.php\/wp-json\/wp\/v2\/posts"}],"about":[{"href":"https:\/\/vecinosdelinterior.com\/index.php\/wp-json\/wp\/v2\/types\/post"}],"author":[{"embeddable":true,"href":"https:\/\/vecinosdelinterior.com\/index.php\/wp-json\/wp\/v2\/users\/1"}],"replies":[{"embeddable":true,"href":"https:\/\/vecinosdelinterior.com\/index.php\/wp-json\/wp\/v2\/comments?post=4725"}],"version-history":[{"count":1,"href":"https:\/\/vecinosdelinterior.com\/index.php\/wp-json\/wp\/v2\/posts\/4725\/revisions"}],"predecessor-version":[{"id":4727,"href":"https:\/\/vecinosdelinterior.com\/index.php\/wp-json\/wp\/v2\/posts\/4725\/revisions\/4727"}],"wp:featuredmedia":[{"embeddable":true,"href":"https:\/\/vecinosdelinterior.com\/index.php\/wp-json\/wp\/v2\/media\/4726"}],"wp:attachment":[{"href":"https:\/\/vecinosdelinterior.com\/index.php\/wp-json\/wp\/v2\/media?parent=4725"}],"wp:term":[{"taxonomy":"category","embeddable":true,"href":"https:\/\/vecinosdelinterior.com\/index.php\/wp-json\/wp\/v2\/categories?post=4725"},{"taxonomy":"post_tag","embeddable":true,"href":"https:\/\/vecinosdelinterior.com\/index.php\/wp-json\/wp\/v2\/tags?post=4725"}],"curies":[{"name":"wp","href":"https:\/\/api.w.org\/{rel}","templated":true}]}}