{"id":4733,"date":"2025-06-10T11:25:00","date_gmt":"2025-06-10T14:25:00","guid":{"rendered":"https:\/\/vecinosdelinterior.com\/?p=4733"},"modified":"2025-06-10T23:25:48","modified_gmt":"2025-06-11T02:25:48","slug":"corte-del-servicio-electrico-en-san-francisco","status":"publish","type":"post","link":"https:\/\/vecinosdelinterior.com\/index.php\/2025\/06\/10\/corte-del-servicio-electrico-en-san-francisco\/","title":{"rendered":"Corte del servicio el\u00e9ctrico en San Francisco"},"content":{"rendered":"\n<p><img decoding=\"async\" height=\"16\" width=\"16\" alt=\"\u26a1\" src=\"https:\/\/static.xx.fbcdn.net\/images\/emoji.php\/v9\/t5d\/1\/16\/26a1.png\">Atenci\u00f3n San Francisco<\/p>\n\n\n\n<p><a><\/a>Corte del servicio el\u00e9ctrico en San Francisco este jueves 12 de junio.<\/p>\n\n\n\n<p>Ser\u00e1 en el horario de 8.30 a 14.30 hs<\/p>\n\n\n\n<p>Ver zona afectada en la siguiente imagen<img decoding=\"async\" height=\"16\" width=\"16\" alt=\"\ud83d\udc47\ud83c\udffb\" src=\"https:\/\/static.xx.fbcdn.net\/images\/emoji.php\/v9\/t8a\/1\/16\/1f447_1f3fb.png\"><\/p>\n","protected":false},"excerpt":{"rendered":"<p>Atenci\u00f3n San Francisco Corte del servicio el\u00e9ctrico en San Francisco este jueves 12 de junio. Ser\u00e1 en el horario de 8.30 a 14.30 hs Ver zona afectada en la siguiente imagen<\/p>\n","protected":false},"author":1,"featured_media":4734,"comment_status":"open","ping_status":"open","sticky":false,"template":"","format":"standard","meta":{"footnotes":""},"categories":[8,9],"tags":[],"class_list":["post-4733","post","type-post","status-publish","format-standard","has-post-thumbnail","hentry","category-ayacucho","category-san-francisco"],"_links":{"self":[{"href":"https:\/\/vecinosdelinterior.com\/index.php\/wp-json\/wp\/v2\/posts\/4733","targetHints":{"allow":["GET"]}}],"collection":[{"href":"https:\/\/vecinosdelinterior.com\/index.php\/wp-json\/wp\/v2\/posts"}],"about":[{"href":"https:\/\/vecinosdelinterior.com\/index.php\/wp-json\/wp\/v2\/types\/post"}],"author":[{"embeddable":true,"href":"https:\/\/vecinosdelinterior.com\/index.php\/wp-json\/wp\/v2\/users\/1"}],"replies":[{"embeddable":true,"href":"https:\/\/vecinosdelinterior.com\/index.php\/wp-json\/wp\/v2\/comments?post=4733"}],"version-history":[{"count":1,"href":"https:\/\/vecinosdelinterior.com\/index.php\/wp-json\/wp\/v2\/posts\/4733\/revisions"}],"predecessor-version":[{"id":4735,"href":"https:\/\/vecinosdelinterior.com\/index.php\/wp-json\/wp\/v2\/posts\/4733\/revisions\/4735"}],"wp:featuredmedia":[{"embeddable":true,"href":"https:\/\/vecinosdelinterior.com\/index.php\/wp-json\/wp\/v2\/media\/4734"}],"wp:attachment":[{"href":"https:\/\/vecinosdelinterior.com\/index.php\/wp-json\/wp\/v2\/media?parent=4733"}],"wp:term":[{"taxonomy":"category","embeddable":true,"href":"https:\/\/vecinosdelinterior.com\/index.php\/wp-json\/wp\/v2\/categories?post=4733"},{"taxonomy":"post_tag","embeddable":true,"href":"https:\/\/vecinosdelinterior.com\/index.php\/wp-json\/wp\/v2\/tags?post=4733"}],"curies":[{"name":"wp","href":"https:\/\/api.w.org\/{rel}","templated":true}]}}