{"id":4740,"date":"2025-06-12T10:51:00","date_gmt":"2025-06-12T13:51:00","guid":{"rendered":"https:\/\/vecinosdelinterior.com\/?p=4740"},"modified":"2025-06-12T13:53:16","modified_gmt":"2025-06-12T16:53:16","slug":"ambiente-termino-la-construccion-de-invernaculos-en-quines-san-francisco-villa-mercedes-y-san-luis","status":"publish","type":"post","link":"https:\/\/vecinosdelinterior.com\/index.php\/2025\/06\/12\/ambiente-termino-la-construccion-de-invernaculos-en-quines-san-francisco-villa-mercedes-y-san-luis\/","title":{"rendered":"Ambiente termin\u00f3 la construcci\u00f3n de invern\u00e1culos en Quines, San Francisco, Villa Mercedes y San Luis"},"content":{"rendered":"\n<p>VECINOSDELINTERIOR.COM \/ 12 DE JUNIO<br>El equipo de Arbolado de Espacios P\u00fablicos estuvo a cargo de armar las estructuras. Son una gran oportunidad para aplicar proyectos que incentiven las plantaciones adaptadas a las caracter\u00edsticas de cada regi\u00f3n<br>Con el objetivo primordial de potenciar la producci\u00f3n de \u00e1rboles y plantas nativas en la proyecci\u00f3n forestal de San Luis, la secretar\u00eda de Ambiente y Desarrollo Sustentable avanz\u00f3 en la construcci\u00f3n de invern\u00e1culos en Quines, San Francisco del Monte de Oro, Villa Mercedes y la ciudad de San Luis.<br>Los invernaderos son estructuras de vidrio o pl\u00e1stico construidas principalmente para proteger los vegetales de las fluctuaciones clim\u00e1ticas y sus fen\u00f3menos. Este sistema permite la producci\u00f3n protegida, minimizando los efectos de la temperatura extrema, los da\u00f1os causados por granizo y los fuertes vientos, y adem\u00e1s ofrece protecci\u00f3n contra las plagas.<\/p>\n\n\n\n<figure class=\"wp-block-gallery has-nested-images columns-default is-cropped wp-block-gallery-1 is-layout-flex wp-block-gallery-is-layout-flex\">\n<figure class=\"wp-block-image size-large\"><img fetchpriority=\"high\" decoding=\"async\" width=\"960\" height=\"640\" data-id=\"4741\" src=\"https:\/\/vecinosdelinterior.com\/wp-content\/uploads\/2025\/06\/506620405_577720658711958_8735912474462401073_n.jpg\" alt=\"\" class=\"wp-image-4741\" srcset=\"https:\/\/vecinosdelinterior.com\/wp-content\/uploads\/2025\/06\/506620405_577720658711958_8735912474462401073_n.jpg 960w, https:\/\/vecinosdelinterior.com\/wp-content\/uploads\/2025\/06\/506620405_577720658711958_8735912474462401073_n-300x200.jpg 300w, https:\/\/vecinosdelinterior.com\/wp-content\/uploads\/2025\/06\/506620405_577720658711958_8735912474462401073_n-768x512.jpg 768w, https:\/\/vecinosdelinterior.com\/wp-content\/uploads\/2025\/06\/506620405_577720658711958_8735912474462401073_n-750x500.jpg 750w\" sizes=\"(max-width: 960px) 100vw, 960px\" \/><\/figure>\n\n\n\n<figure class=\"wp-block-image size-large\"><img decoding=\"async\" width=\"960\" height=\"640\" data-id=\"4742\" src=\"https:\/\/vecinosdelinterior.com\/wp-content\/uploads\/2025\/06\/505953597_577720668711957_6481848718735613658_n.jpg\" alt=\"\" class=\"wp-image-4742\" srcset=\"https:\/\/vecinosdelinterior.com\/wp-content\/uploads\/2025\/06\/505953597_577720668711957_6481848718735613658_n.jpg 960w, https:\/\/vecinosdelinterior.com\/wp-content\/uploads\/2025\/06\/505953597_577720668711957_6481848718735613658_n-300x200.jpg 300w, https:\/\/vecinosdelinterior.com\/wp-content\/uploads\/2025\/06\/505953597_577720668711957_6481848718735613658_n-768x512.jpg 768w, https:\/\/vecinosdelinterior.com\/wp-content\/uploads\/2025\/06\/505953597_577720668711957_6481848718735613658_n-750x500.jpg 750w\" sizes=\"(max-width: 960px) 100vw, 960px\" \/><\/figure>\n<\/figure>\n\n\n\n<p><br>Cada uno de estos espacios cumple un rol fundamental para potenciar las plantaciones en el arbolado urbano provincial y en especial, para obtener una herramienta clave en la producci\u00f3n de plantas adaptadas a las condiciones clim\u00e1ticas de cada ecorregi\u00f3n.<br>El proceso de crecimiento dentro del invern\u00e1culo es adaptativo, permitiendo que las plantas crezcan en la primera etapa entre 50 a 70 cent\u00edmetros. En una segunda instancia clave, la planta atraviesa el proceso de rustificaci\u00f3n, donde se generan paulatinamente las condiciones naturales.<br>Este es un proceso, primero est\u00e1n en el invern\u00e1culo y despu\u00e9s, parte de ese tiempo est\u00e1n fuera de la estructura, pero con otro tipo de cobertura, creando protecci\u00f3n en los momentos m\u00e1s fr\u00edos de San Luis, en especial durante los meses de junio, julio y agosto.<br>En cuanto a los beneficios, el responsable de Viveros Provinciales, Mariano G\u00f3mez indic\u00f3 que son una gran oportunidad para aplicar proyectos que incentiven las plantaciones adaptadas a las caracter\u00edsticas de cada regi\u00f3n. \u201cLos invern\u00e1culos permiten crear un ambiente controlado, ajustando la temperatura, la radiaci\u00f3n solar y protegiendo a las plantas de los vientos. Adem\u00e1s, permite verificar el riego, lo que genera las condiciones precisas en una medici\u00f3n de las condiciones ambientales\u201d.<br>El funcionario destac\u00f3 tambi\u00e9n que cada lugar crear\u00e1 nuevas oportunidades gracias al convenio firmado con la Universidad Nacional de San Luis (UNSL) para que investigadores y tesistas potencien sus estudios y abordajes. De la misma manera, los estudiantes contar\u00e1n con otro espacio para concluir sus pr\u00e1cticas profesionales, promoviendo la formaci\u00f3n acad\u00e9mica<\/p>\n","protected":false},"excerpt":{"rendered":"<p>VECINOSDELINTERIOR.COM \/ 12 DE JUNIOEl equipo de Arbolado de Espacios P\u00fablicos estuvo a cargo de armar las estructuras. Son una gran oportunidad para aplicar proyectos que incentiven las plantaciones adaptadas a las caracter\u00edsticas de cada regi\u00f3nCon el objetivo primordial de potenciar la producci\u00f3n de \u00e1rboles y plantas nativas en la proyecci\u00f3n forestal de San Luis, [&hellip;]<\/p>\n","protected":false},"author":1,"featured_media":4742,"comment_status":"open","ping_status":"open","sticky":false,"template":"","format":"standard","meta":{"footnotes":""},"categories":[8,54,9],"tags":[176],"class_list":["post-4740","post","type-post","status-publish","format-standard","has-post-thumbnail","hentry","category-ayacucho","category-quines-ayacucho","category-san-francisco","tag-medioambiente"],"_links":{"self":[{"href":"https:\/\/vecinosdelinterior.com\/index.php\/wp-json\/wp\/v2\/posts\/4740","targetHints":{"allow":["GET"]}}],"collection":[{"href":"https:\/\/vecinosdelinterior.com\/index.php\/wp-json\/wp\/v2\/posts"}],"about":[{"href":"https:\/\/vecinosdelinterior.com\/index.php\/wp-json\/wp\/v2\/types\/post"}],"author":[{"embeddable":true,"href":"https:\/\/vecinosdelinterior.com\/index.php\/wp-json\/wp\/v2\/users\/1"}],"replies":[{"embeddable":true,"href":"https:\/\/vecinosdelinterior.com\/index.php\/wp-json\/wp\/v2\/comments?post=4740"}],"version-history":[{"count":1,"href":"https:\/\/vecinosdelinterior.com\/index.php\/wp-json\/wp\/v2\/posts\/4740\/revisions"}],"predecessor-version":[{"id":4743,"href":"https:\/\/vecinosdelinterior.com\/index.php\/wp-json\/wp\/v2\/posts\/4740\/revisions\/4743"}],"wp:featuredmedia":[{"embeddable":true,"href":"https:\/\/vecinosdelinterior.com\/index.php\/wp-json\/wp\/v2\/media\/4742"}],"wp:attachment":[{"href":"https:\/\/vecinosdelinterior.com\/index.php\/wp-json\/wp\/v2\/media?parent=4740"}],"wp:term":[{"taxonomy":"category","embeddable":true,"href":"https:\/\/vecinosdelinterior.com\/index.php\/wp-json\/wp\/v2\/categories?post=4740"},{"taxonomy":"post_tag","embeddable":true,"href":"https:\/\/vecinosdelinterior.com\/index.php\/wp-json\/wp\/v2\/tags?post=4740"}],"curies":[{"name":"wp","href":"https:\/\/api.w.org\/{rel}","templated":true}]}}