{"id":4760,"date":"2025-06-14T09:13:00","date_gmt":"2025-06-14T12:13:00","guid":{"rendered":"https:\/\/vecinosdelinterior.com\/?p=4760"},"modified":"2025-06-14T15:14:55","modified_gmt":"2025-06-14T18:14:55","slug":"merlo-la-policia-demoro-a-un-hombre-que-intento-robar-en-un-local-comercial-de-la-galeria-del-sol","status":"publish","type":"post","link":"https:\/\/vecinosdelinterior.com\/index.php\/2025\/06\/14\/merlo-la-policia-demoro-a-un-hombre-que-intento-robar-en-un-local-comercial-de-la-galeria-del-sol\/","title":{"rendered":"Merlo: la Polic\u00eda demor\u00f3 a un hombre que intent\u00f3 robar en un local comercial de la Galer\u00eda del Sol"},"content":{"rendered":"\n<p>VECINOSDELINTERIOR.COM \/ 14 DE JUNIO<br>Este s\u00e1bado a la madrugada, polic\u00edas de la Comisar\u00eda Seccional 42\u00b0 y del Comando Radioel\u00e9ctrico llevaron a cabo un procedimiento en Villa de Merlo, donde demoraron a un hombre de 28 a\u00f1os de edad.<br>Mientras realizaban recorridos por las calles de la ciudad, los uniformados recibieron una alerta de un robo en proceso en un local comercial de la Galer\u00eda del Sol, ubicado por calle Los Almendros al 300.<br>Los efectivos se dirigieron r\u00e1pidamente hacia ese sitio, donde personal del Comando Radioel\u00e9ctrico logr\u00f3 reducir al delincuente (el hombre de 28 a\u00f1os), quien hab\u00eda causado da\u00f1os materiales en el frente del negocio y hab\u00eda sustra\u00eddo varios elementos.<br>En ese sentido, el sujeto fue demorado y trasladado a la Comisar\u00eda Seccional 42\u00b0, mientras que los elementos fueron secuestrados preventivamente.<\/p>\n\n\n\n<figure class=\"wp-block-gallery has-nested-images columns-default is-cropped wp-block-gallery-1 is-layout-flex wp-block-gallery-is-layout-flex\">\n<figure class=\"wp-block-image size-large\"><img fetchpriority=\"high\" decoding=\"async\" width=\"900\" height=\"684\" data-id=\"4761\" src=\"https:\/\/vecinosdelinterior.com\/wp-content\/uploads\/2025\/06\/WhatsApp-Image-2025-06-14-at-12.09.54-PM.jpeg\" alt=\"\" class=\"wp-image-4761\" srcset=\"https:\/\/vecinosdelinterior.com\/wp-content\/uploads\/2025\/06\/WhatsApp-Image-2025-06-14-at-12.09.54-PM.jpeg 900w, https:\/\/vecinosdelinterior.com\/wp-content\/uploads\/2025\/06\/WhatsApp-Image-2025-06-14-at-12.09.54-PM-300x228.jpeg 300w, https:\/\/vecinosdelinterior.com\/wp-content\/uploads\/2025\/06\/WhatsApp-Image-2025-06-14-at-12.09.54-PM-768x584.jpeg 768w, https:\/\/vecinosdelinterior.com\/wp-content\/uploads\/2025\/06\/WhatsApp-Image-2025-06-14-at-12.09.54-PM-750x570.jpeg 750w\" sizes=\"(max-width: 900px) 100vw, 900px\" \/><\/figure>\n\n\n\n<figure class=\"wp-block-image size-large\"><img decoding=\"async\" width=\"790\" height=\"577\" data-id=\"4762\" src=\"https:\/\/vecinosdelinterior.com\/wp-content\/uploads\/2025\/06\/WhatsApp-Image-2025-06-14-at-12.09.53-PM.jpeg\" alt=\"\" class=\"wp-image-4762\" srcset=\"https:\/\/vecinosdelinterior.com\/wp-content\/uploads\/2025\/06\/WhatsApp-Image-2025-06-14-at-12.09.53-PM.jpeg 790w, https:\/\/vecinosdelinterior.com\/wp-content\/uploads\/2025\/06\/WhatsApp-Image-2025-06-14-at-12.09.53-PM-300x219.jpeg 300w, https:\/\/vecinosdelinterior.com\/wp-content\/uploads\/2025\/06\/WhatsApp-Image-2025-06-14-at-12.09.53-PM-768x561.jpeg 768w, https:\/\/vecinosdelinterior.com\/wp-content\/uploads\/2025\/06\/WhatsApp-Image-2025-06-14-at-12.09.53-PM-750x548.jpeg 750w\" sizes=\"(max-width: 790px) 100vw, 790px\" \/><\/figure>\n<\/figure>\n","protected":false},"excerpt":{"rendered":"<p>VECINOSDELINTERIOR.COM \/ 14 DE JUNIOEste s\u00e1bado a la madrugada, polic\u00edas de la Comisar\u00eda Seccional 42\u00b0 y del Comando Radioel\u00e9ctrico llevaron a cabo un procedimiento en Villa de Merlo, donde demoraron a un hombre de 28 a\u00f1os de edad.Mientras realizaban recorridos por las calles de la ciudad, los uniformados recibieron una alerta de un robo en [&hellip;]<\/p>\n","protected":false},"author":1,"featured_media":4762,"comment_status":"open","ping_status":"open","sticky":false,"template":"","format":"standard","meta":{"footnotes":""},"categories":[73],"tags":[46],"class_list":["post-4760","post","type-post","status-publish","format-standard","has-post-thumbnail","hentry","category-merlo","tag-policiales"],"_links":{"self":[{"href":"https:\/\/vecinosdelinterior.com\/index.php\/wp-json\/wp\/v2\/posts\/4760","targetHints":{"allow":["GET"]}}],"collection":[{"href":"https:\/\/vecinosdelinterior.com\/index.php\/wp-json\/wp\/v2\/posts"}],"about":[{"href":"https:\/\/vecinosdelinterior.com\/index.php\/wp-json\/wp\/v2\/types\/post"}],"author":[{"embeddable":true,"href":"https:\/\/vecinosdelinterior.com\/index.php\/wp-json\/wp\/v2\/users\/1"}],"replies":[{"embeddable":true,"href":"https:\/\/vecinosdelinterior.com\/index.php\/wp-json\/wp\/v2\/comments?post=4760"}],"version-history":[{"count":1,"href":"https:\/\/vecinosdelinterior.com\/index.php\/wp-json\/wp\/v2\/posts\/4760\/revisions"}],"predecessor-version":[{"id":4763,"href":"https:\/\/vecinosdelinterior.com\/index.php\/wp-json\/wp\/v2\/posts\/4760\/revisions\/4763"}],"wp:featuredmedia":[{"embeddable":true,"href":"https:\/\/vecinosdelinterior.com\/index.php\/wp-json\/wp\/v2\/media\/4762"}],"wp:attachment":[{"href":"https:\/\/vecinosdelinterior.com\/index.php\/wp-json\/wp\/v2\/media?parent=4760"}],"wp:term":[{"taxonomy":"category","embeddable":true,"href":"https:\/\/vecinosdelinterior.com\/index.php\/wp-json\/wp\/v2\/categories?post=4760"},{"taxonomy":"post_tag","embeddable":true,"href":"https:\/\/vecinosdelinterior.com\/index.php\/wp-json\/wp\/v2\/tags?post=4760"}],"curies":[{"name":"wp","href":"https:\/\/api.w.org\/{rel}","templated":true}]}}