{"id":4767,"date":"2025-06-15T12:33:20","date_gmt":"2025-06-15T15:33:20","guid":{"rendered":"https:\/\/vecinosdelinterior.com\/?p=4767"},"modified":"2025-06-15T12:33:30","modified_gmt":"2025-06-15T15:33:30","slug":"disturbios-en-un-partido-de-futbol-de-la-liga-del-norte-en-lujan","status":"publish","type":"post","link":"https:\/\/vecinosdelinterior.com\/index.php\/2025\/06\/15\/disturbios-en-un-partido-de-futbol-de-la-liga-del-norte-en-lujan\/","title":{"rendered":"Disturbios en un partido de f\u00fatbol de la Liga del Norte en Luj\u00e1n"},"content":{"rendered":"\n<p><\/p>\n\n\n\n<p>Este s\u00e1bado por la tarde se produjo un disturbio durante la 8va fecha de la Liga del Norte, en la cancha del club Mitre de la localidad de Luj\u00e1n. El encuentro disputado entre los equipos \u201cLa Represita\u201d, de Quines, y \u201cResto del Mundo\u201d, de Luj\u00e1n, debi\u00f3 ser suspendido tras una pelea generalizada entre jugadores y personas presentes.<br>Seg\u00fan los intervinientes, el conflicto se origin\u00f3 tras la expulsi\u00f3n de un jugador del equipo de Quines, quien de acuerdo a los testimonios habr\u00eda estado provocando reiteradamente a sus rivales.<br>En el momento en que personal de seguridad privada lo escoltaba hacia los vestuarios, el jugador agredi\u00f3 f\u00edsicamente a uno de los agentes de la empresa de seguridad privada.<br>A ra\u00edz de ello, intervino otro jugador del mismo equipo en defensa de su compa\u00f1ero, lo que desencaden\u00f3 una pelea en la que participaron varios jugadores y asistentes.<br>Como consecuencia, uno de los involucrados result\u00f3 lesionado y debi\u00f3 ser trasladado por una ambulancia al hospital local, donde fue atendido y dado de alta poco despu\u00e9s al no presentar lesiones de gravedad.<br>El partido fue suspendido de inmediato. La seguridad privada permaneci\u00f3 en el campo de juego para proteger a los \u00e1rbitros y jugadores. Efectivos de la Comisar\u00eda Distrito 35\u00b0 de Luj\u00e1n se hicieron presentes en el lugar tras ser alertados de la situaci\u00f3n por un llamado, pero no intervinieron directamente en los hechos.<\/p>\n","protected":false},"excerpt":{"rendered":"<p>Este s\u00e1bado por la tarde se produjo un disturbio durante la 8va fecha de la Liga del Norte, en la cancha del club Mitre de la localidad de Luj\u00e1n. El encuentro disputado entre los equipos \u201cLa Represita\u201d, de Quines, y \u201cResto del Mundo\u201d, de Luj\u00e1n, debi\u00f3 ser suspendido tras una pelea generalizada entre jugadores y [&hellip;]<\/p>\n","protected":false},"author":1,"featured_media":4768,"comment_status":"open","ping_status":"open","sticky":false,"template":"","format":"standard","meta":{"footnotes":""},"categories":[8,1,36],"tags":[],"class_list":["post-4767","post","type-post","status-publish","format-standard","has-post-thumbnail","hentry","category-ayacucho","category-blog","category-lujan"],"_links":{"self":[{"href":"https:\/\/vecinosdelinterior.com\/index.php\/wp-json\/wp\/v2\/posts\/4767","targetHints":{"allow":["GET"]}}],"collection":[{"href":"https:\/\/vecinosdelinterior.com\/index.php\/wp-json\/wp\/v2\/posts"}],"about":[{"href":"https:\/\/vecinosdelinterior.com\/index.php\/wp-json\/wp\/v2\/types\/post"}],"author":[{"embeddable":true,"href":"https:\/\/vecinosdelinterior.com\/index.php\/wp-json\/wp\/v2\/users\/1"}],"replies":[{"embeddable":true,"href":"https:\/\/vecinosdelinterior.com\/index.php\/wp-json\/wp\/v2\/comments?post=4767"}],"version-history":[{"count":1,"href":"https:\/\/vecinosdelinterior.com\/index.php\/wp-json\/wp\/v2\/posts\/4767\/revisions"}],"predecessor-version":[{"id":4769,"href":"https:\/\/vecinosdelinterior.com\/index.php\/wp-json\/wp\/v2\/posts\/4767\/revisions\/4769"}],"wp:featuredmedia":[{"embeddable":true,"href":"https:\/\/vecinosdelinterior.com\/index.php\/wp-json\/wp\/v2\/media\/4768"}],"wp:attachment":[{"href":"https:\/\/vecinosdelinterior.com\/index.php\/wp-json\/wp\/v2\/media?parent=4767"}],"wp:term":[{"taxonomy":"category","embeddable":true,"href":"https:\/\/vecinosdelinterior.com\/index.php\/wp-json\/wp\/v2\/categories?post=4767"},{"taxonomy":"post_tag","embeddable":true,"href":"https:\/\/vecinosdelinterior.com\/index.php\/wp-json\/wp\/v2\/tags?post=4767"}],"curies":[{"name":"wp","href":"https:\/\/api.w.org\/{rel}","templated":true}]}}