{"id":4771,"date":"2025-06-15T13:46:45","date_gmt":"2025-06-15T16:46:45","guid":{"rendered":"https:\/\/vecinosdelinterior.com\/?p=4771"},"modified":"2025-06-15T13:46:45","modified_gmt":"2025-06-15T16:46:45","slug":"perdio-el-control-del-auto-y-chocho-contra-un-arbol","status":"publish","type":"post","link":"https:\/\/vecinosdelinterior.com\/index.php\/2025\/06\/15\/perdio-el-control-del-auto-y-chocho-contra-un-arbol\/","title":{"rendered":"Perdi\u00f3 el control del auto y choch\u00f3 contra un \u00e1rbol"},"content":{"rendered":"\n<p>VECINOSDELINTERIOR.COM \/ 15 DE JUNIO<\/p>\n\n\n\n<p>Un automovilista que iba desde San Pablo a Tilisarao perdi\u00f3 el control de su veh\u00edculo y se accident\u00f3 el s\u00e1bado a la noche. El saldo del hecho fueron varios da\u00f1os en el rodado y algunas atenciones m\u00e9dicas para el \u00fanico ocupante.<\/p>\n\n\n\n<p>El herido fue identificado como Daniel Chavero, quien no pudo controlar su auto y se fue hacia la banquina, hasta que choc\u00f3 contra un \u00e1rbol. El veh\u00edculo qued\u00f3 detenido con las se\u00f1ales evidentes del inconveniente. Personal de la comisar\u00eda 23 fue convocado al lugar al igual que los bomberos voluntarios. Luego llamaron a la ambulancia.<\/p>\n\n\n\n<p>El accidente se produjo en la curva conocida como \u201cLa del Piri\u201d, en el camino entre las dos localidades. Chavero fue asistido y trasladado al hospital para los controles de rigor.<\/p>\n","protected":false},"excerpt":{"rendered":"<p>VECINOSDELINTERIOR.COM \/ 15 DE JUNIO Un automovilista que iba desde San Pablo a Tilisarao perdi\u00f3 el control de su veh\u00edculo y se accident\u00f3 el s\u00e1bado a la noche. El saldo del hecho fueron varios da\u00f1os en el rodado y algunas atenciones m\u00e9dicas para el \u00fanico ocupante. El herido fue identificado como Daniel Chavero, quien no [&hellip;]<\/p>\n","protected":false},"author":1,"featured_media":4772,"comment_status":"open","ping_status":"open","sticky":false,"template":"","format":"standard","meta":{"footnotes":""},"categories":[29,30],"tags":[46],"class_list":["post-4771","post","type-post","status-publish","format-standard","has-post-thumbnail","hentry","category-chacabuco","category-tilisarao","tag-policiales"],"_links":{"self":[{"href":"https:\/\/vecinosdelinterior.com\/index.php\/wp-json\/wp\/v2\/posts\/4771","targetHints":{"allow":["GET"]}}],"collection":[{"href":"https:\/\/vecinosdelinterior.com\/index.php\/wp-json\/wp\/v2\/posts"}],"about":[{"href":"https:\/\/vecinosdelinterior.com\/index.php\/wp-json\/wp\/v2\/types\/post"}],"author":[{"embeddable":true,"href":"https:\/\/vecinosdelinterior.com\/index.php\/wp-json\/wp\/v2\/users\/1"}],"replies":[{"embeddable":true,"href":"https:\/\/vecinosdelinterior.com\/index.php\/wp-json\/wp\/v2\/comments?post=4771"}],"version-history":[{"count":1,"href":"https:\/\/vecinosdelinterior.com\/index.php\/wp-json\/wp\/v2\/posts\/4771\/revisions"}],"predecessor-version":[{"id":4773,"href":"https:\/\/vecinosdelinterior.com\/index.php\/wp-json\/wp\/v2\/posts\/4771\/revisions\/4773"}],"wp:featuredmedia":[{"embeddable":true,"href":"https:\/\/vecinosdelinterior.com\/index.php\/wp-json\/wp\/v2\/media\/4772"}],"wp:attachment":[{"href":"https:\/\/vecinosdelinterior.com\/index.php\/wp-json\/wp\/v2\/media?parent=4771"}],"wp:term":[{"taxonomy":"category","embeddable":true,"href":"https:\/\/vecinosdelinterior.com\/index.php\/wp-json\/wp\/v2\/categories?post=4771"},{"taxonomy":"post_tag","embeddable":true,"href":"https:\/\/vecinosdelinterior.com\/index.php\/wp-json\/wp\/v2\/tags?post=4771"}],"curies":[{"name":"wp","href":"https:\/\/api.w.org\/{rel}","templated":true}]}}