{"id":4793,"date":"2025-06-19T12:44:52","date_gmt":"2025-06-19T15:44:52","guid":{"rendered":"https:\/\/vecinosdelinterior.com\/?p=4793"},"modified":"2025-06-19T12:44:52","modified_gmt":"2025-06-19T15:44:52","slug":"san-pablo-celebra-este-jueves-otro-ano-de-su-rica-historia","status":"publish","type":"post","link":"https:\/\/vecinosdelinterior.com\/index.php\/2025\/06\/19\/san-pablo-celebra-este-jueves-otro-ano-de-su-rica-historia\/","title":{"rendered":"San Pablo celebra este jueves otro a\u00f1o de su rica historia"},"content":{"rendered":"\n<p>VECINOSDELINTERIOR.COM \/ 19 DE JUNIO<br>Ubicada a orillas del r\u00edo Concar\u00e1n, en el valle de Conlara, entre las sierras de San Luis y los Comechingones la localidad suma 44 a\u00f1os con una buena proyecci\u00f3n tur\u00edstica, rodeada de identidad local y sitios hist\u00f3ricos. Su aniversario se celebra el 19 de junio, en conmemoraci\u00f3n de la solemnidad de San Pedro y San Pablo, aunque la localidad fue creada por la Ley N\u00b023.336 del 11 de diciembre de 1981.<br>Una joya escondida ideal para visitar en cualquier estaci\u00f3n.<br>San Pablo es como una peque\u00f1a joya escondida en el Valle del Conlara que define el esp\u00edritu rural. El aniversario n\u00famero 44 de su fundaci\u00f3n reafirma tradiciones, arraigo y perspectivas, con un turismo amable y natural como puente entre el pasado y una proyecci\u00f3n sostenible. Un lugar para detenerse, respirar y descubrir la calidez de su gente.<\/p>\n\n\n\n<figure class=\"wp-block-gallery has-nested-images columns-default is-cropped wp-block-gallery-1 is-layout-flex wp-block-gallery-is-layout-flex\">\n<figure class=\"wp-block-image size-large\"><img fetchpriority=\"high\" decoding=\"async\" width=\"1024\" height=\"768\" data-id=\"4795\" src=\"https:\/\/vecinosdelinterior.com\/wp-content\/uploads\/2025\/06\/SAN-PABLO-2-1024x768.jpeg\" alt=\"\" class=\"wp-image-4795\" srcset=\"https:\/\/vecinosdelinterior.com\/wp-content\/uploads\/2025\/06\/SAN-PABLO-2-1024x768.jpeg 1024w, https:\/\/vecinosdelinterior.com\/wp-content\/uploads\/2025\/06\/SAN-PABLO-2-300x225.jpeg 300w, https:\/\/vecinosdelinterior.com\/wp-content\/uploads\/2025\/06\/SAN-PABLO-2-768x576.jpeg 768w, https:\/\/vecinosdelinterior.com\/wp-content\/uploads\/2025\/06\/SAN-PABLO-2-1536x1152.jpeg 1536w, https:\/\/vecinosdelinterior.com\/wp-content\/uploads\/2025\/06\/SAN-PABLO-2-750x563.jpeg 750w, https:\/\/vecinosdelinterior.com\/wp-content\/uploads\/2025\/06\/SAN-PABLO-2-1140x855.jpeg 1140w, https:\/\/vecinosdelinterior.com\/wp-content\/uploads\/2025\/06\/SAN-PABLO-2.jpeg 1600w\" sizes=\"(max-width: 1024px) 100vw, 1024px\" \/><\/figure>\n\n\n\n<figure class=\"wp-block-image size-large\"><img decoding=\"async\" width=\"1024\" height=\"768\" data-id=\"4794\" src=\"https:\/\/vecinosdelinterior.com\/wp-content\/uploads\/2025\/06\/SAN-PABLO-3-1024x768.jpeg\" alt=\"\" class=\"wp-image-4794\" srcset=\"https:\/\/vecinosdelinterior.com\/wp-content\/uploads\/2025\/06\/SAN-PABLO-3-1024x768.jpeg 1024w, https:\/\/vecinosdelinterior.com\/wp-content\/uploads\/2025\/06\/SAN-PABLO-3-300x225.jpeg 300w, https:\/\/vecinosdelinterior.com\/wp-content\/uploads\/2025\/06\/SAN-PABLO-3-768x576.jpeg 768w, https:\/\/vecinosdelinterior.com\/wp-content\/uploads\/2025\/06\/SAN-PABLO-3-750x563.jpeg 750w, https:\/\/vecinosdelinterior.com\/wp-content\/uploads\/2025\/06\/SAN-PABLO-3.jpeg 1040w\" sizes=\"(max-width: 1024px) 100vw, 1024px\" \/><\/figure>\n<\/figure>\n\n\n\n<p><br>Aunque no se encuentra fecha oficial de fundaci\u00f3n puntual, San Pablo naci\u00f3 como una comunidad rural al comp\u00e1s de la ocupaci\u00f3n agraria del valle impulsada por colonos dedicados a la ganader\u00eda, la papa, el ajo y la alfalfa. Se consolid\u00f3 en las primeras d\u00e9cadas del siglo XX, junto a caminos rurales y caser\u00edos que reflejaban la vida y el intercambio de los primeros vecinos.<br>El 19 de junio, celebra un nuevo aniversario y esta fecha es la ocasi\u00f3n especial para valorar su herencia viviente, fortalecer sus tradiciones y proyectarla hacia un turismo sostenible que preserve la identidad y el paisaje.<br>Legado cultural y popular<br>Fiesta de la Papa: este evento emblem\u00e1tico congrega a productores, familias y visitantes entorno a la gastronom\u00eda local, artesan\u00edas y m\u00fasica folcl\u00f3rica, consolidando la identidad de la regi\u00f3n.<br>Arquitectura serrana tradicional: calles angostas, veredas naturales y construcciones sencillas con techos de teja y troncos combinan funcionalidad y est\u00e9tica rural.<br>Iglesia parroquial y plaza central: epicentro de celebraciones religiosas y comunitarias, donde los vecinos se re\u00fanen en misa, procesiones y festividades populares.<br>Turismo rural: encanto natural y tranquilidad<br>Balneario en el r\u00edo Concar\u00e1n: espacio recreativo con zonas de camping, proveedur\u00eda y sectores para picnic, ideal para familias en contacto con la naturaleza.<br>Senderismo: desde San Pablo se accede a rutas hacia las sierras, miradores y zonas agropecuarias, perfectas para caminatas pausadas y vivencias ecol\u00f3gicas.<br>Turismo rural: alojamientos rurales ofrecen experiencias genuinas, desde seguimiento de cosechas hasta encuentros con productores locales, en un marco de hospitalidad tradicional.<\/p>\n","protected":false},"excerpt":{"rendered":"<p>VECINOSDELINTERIOR.COM \/ 19 DE JUNIOUbicada a orillas del r\u00edo Concar\u00e1n, en el valle de Conlara, entre las sierras de San Luis y los Comechingones la localidad suma 44 a\u00f1os con una buena proyecci\u00f3n tur\u00edstica, rodeada de identidad local y sitios hist\u00f3ricos. Su aniversario se celebra el 19 de junio, en conmemoraci\u00f3n de la solemnidad de [&hellip;]<\/p>\n","protected":false},"author":1,"featured_media":4795,"comment_status":"open","ping_status":"open","sticky":false,"template":"","format":"standard","meta":{"footnotes":""},"categories":[1],"tags":[391],"class_list":["post-4793","post","type-post","status-publish","format-standard","has-post-thumbnail","hentry","category-blog","tag-eventos"],"_links":{"self":[{"href":"https:\/\/vecinosdelinterior.com\/index.php\/wp-json\/wp\/v2\/posts\/4793","targetHints":{"allow":["GET"]}}],"collection":[{"href":"https:\/\/vecinosdelinterior.com\/index.php\/wp-json\/wp\/v2\/posts"}],"about":[{"href":"https:\/\/vecinosdelinterior.com\/index.php\/wp-json\/wp\/v2\/types\/post"}],"author":[{"embeddable":true,"href":"https:\/\/vecinosdelinterior.com\/index.php\/wp-json\/wp\/v2\/users\/1"}],"replies":[{"embeddable":true,"href":"https:\/\/vecinosdelinterior.com\/index.php\/wp-json\/wp\/v2\/comments?post=4793"}],"version-history":[{"count":1,"href":"https:\/\/vecinosdelinterior.com\/index.php\/wp-json\/wp\/v2\/posts\/4793\/revisions"}],"predecessor-version":[{"id":4796,"href":"https:\/\/vecinosdelinterior.com\/index.php\/wp-json\/wp\/v2\/posts\/4793\/revisions\/4796"}],"wp:featuredmedia":[{"embeddable":true,"href":"https:\/\/vecinosdelinterior.com\/index.php\/wp-json\/wp\/v2\/media\/4795"}],"wp:attachment":[{"href":"https:\/\/vecinosdelinterior.com\/index.php\/wp-json\/wp\/v2\/media?parent=4793"}],"wp:term":[{"taxonomy":"category","embeddable":true,"href":"https:\/\/vecinosdelinterior.com\/index.php\/wp-json\/wp\/v2\/categories?post=4793"},{"taxonomy":"post_tag","embeddable":true,"href":"https:\/\/vecinosdelinterior.com\/index.php\/wp-json\/wp\/v2\/tags?post=4793"}],"curies":[{"name":"wp","href":"https:\/\/api.w.org\/{rel}","templated":true}]}}