{"id":4805,"date":"2025-06-19T19:53:57","date_gmt":"2025-06-19T22:53:57","guid":{"rendered":"https:\/\/vecinosdelinterior.com\/?p=4805"},"modified":"2025-06-19T19:53:58","modified_gmt":"2025-06-19T22:53:58","slug":"el-instituto-superior-de-educacion-e-innovacion-llamo-a-cubrir-cargos-docentes","status":"publish","type":"post","link":"https:\/\/vecinosdelinterior.com\/index.php\/2025\/06\/19\/el-instituto-superior-de-educacion-e-innovacion-llamo-a-cubrir-cargos-docentes\/","title":{"rendered":"El Instituto Superior de Educaci\u00f3n e Innovaci\u00f3n llam\u00f3 a cubrir cargos docentes"},"content":{"rendered":"\n<p>La convocatoria es para ocupar cargos en la unidad curricular de \u2018Matem\u00e1tica y su did\u00e1ctica I\u2019 y \u2018Matem\u00e1tica y su did\u00e1ctica II\u2019. La fecha de inscripciones es del 19 de junio al 2 de julio.<\/p>\n\n\n\n<p>El ISEI de Santa Rosa del Conlara llama a cubrir cargos docentes.<br>El Instituto Superior de Educaci\u00f3n e Innovaci\u00f3n de Santa Rosa del Conlara llama a cubrir nuevos cargos docentes para las siguientes unidades curriculares:<\/p>\n\n\n\n<p>\u2018Matem\u00e1tica y su did\u00e1ctica I\u2019.<\/p>\n\n\n\n<p>\u2018Matem\u00e1tica y su did\u00e1ctica II\u2019.<\/p>\n\n\n\n<p>Las consultas sobre las bases y condiciones del concurso pueden realizarse del jueves 19 al mi\u00e9rcoles 25, en el horario de 14:00 a 18:00, de forma presencial en calle Ernesto Rafaini S\/N, Santa Rosa del Conlara o al siguiente mail: santarosadelconlaraiseei2024@gmail.com. La fecha para inscripciones va desde el jueves 19 de junio al mi\u00e9rcoles 2 de julio.<\/p>\n\n\n\n<p>Para m\u00e1s informaci\u00f3n pueden ingresar a la p\u00e1gina web del Instituto Superior de Educaci\u00f3n e Innovaci\u00f3n: https:\/\/iesstarosa-slu.infd.edu.ar\/sitio\/institucional\/.<\/p>\n","protected":false},"excerpt":{"rendered":"<p>La convocatoria es para ocupar cargos en la unidad curricular de \u2018Matem\u00e1tica y su did\u00e1ctica I\u2019 y \u2018Matem\u00e1tica y su did\u00e1ctica II\u2019. La fecha de inscripciones es del 19 de junio al 2 de julio. El ISEI de Santa Rosa del Conlara llama a cubrir cargos docentes.El Instituto Superior de Educaci\u00f3n e Innovaci\u00f3n de Santa [&hellip;]<\/p>\n","protected":false},"author":1,"featured_media":4806,"comment_status":"open","ping_status":"open","sticky":false,"template":"","format":"standard","meta":{"footnotes":""},"categories":[23,45],"tags":[],"class_list":["post-4805","post","type-post","status-publish","format-standard","has-post-thumbnail","hentry","category-junin","category-santa-rosa-del-conlara"],"_links":{"self":[{"href":"https:\/\/vecinosdelinterior.com\/index.php\/wp-json\/wp\/v2\/posts\/4805","targetHints":{"allow":["GET"]}}],"collection":[{"href":"https:\/\/vecinosdelinterior.com\/index.php\/wp-json\/wp\/v2\/posts"}],"about":[{"href":"https:\/\/vecinosdelinterior.com\/index.php\/wp-json\/wp\/v2\/types\/post"}],"author":[{"embeddable":true,"href":"https:\/\/vecinosdelinterior.com\/index.php\/wp-json\/wp\/v2\/users\/1"}],"replies":[{"embeddable":true,"href":"https:\/\/vecinosdelinterior.com\/index.php\/wp-json\/wp\/v2\/comments?post=4805"}],"version-history":[{"count":1,"href":"https:\/\/vecinosdelinterior.com\/index.php\/wp-json\/wp\/v2\/posts\/4805\/revisions"}],"predecessor-version":[{"id":4807,"href":"https:\/\/vecinosdelinterior.com\/index.php\/wp-json\/wp\/v2\/posts\/4805\/revisions\/4807"}],"wp:featuredmedia":[{"embeddable":true,"href":"https:\/\/vecinosdelinterior.com\/index.php\/wp-json\/wp\/v2\/media\/4806"}],"wp:attachment":[{"href":"https:\/\/vecinosdelinterior.com\/index.php\/wp-json\/wp\/v2\/media?parent=4805"}],"wp:term":[{"taxonomy":"category","embeddable":true,"href":"https:\/\/vecinosdelinterior.com\/index.php\/wp-json\/wp\/v2\/categories?post=4805"},{"taxonomy":"post_tag","embeddable":true,"href":"https:\/\/vecinosdelinterior.com\/index.php\/wp-json\/wp\/v2\/tags?post=4805"}],"curies":[{"name":"wp","href":"https:\/\/api.w.org\/{rel}","templated":true}]}}