{"id":4844,"date":"2025-06-22T22:24:02","date_gmt":"2025-06-23T01:24:02","guid":{"rendered":"https:\/\/vecinosdelinterior.com\/?p=4844"},"modified":"2025-06-22T22:24:02","modified_gmt":"2025-06-23T01:24:02","slug":"accidente-en-la-ruta-provincial-n-15-un-jabali-provoco-la-colision-de-dos-camionetas","status":"publish","type":"post","link":"https:\/\/vecinosdelinterior.com\/index.php\/2025\/06\/22\/accidente-en-la-ruta-provincial-n-15-un-jabali-provoco-la-colision-de-dos-camionetas\/","title":{"rendered":"Accidente en la Ruta Provincial N\u00b0 15: un jabal\u00ed provoc\u00f3 la colisi\u00f3n de dos camionetas"},"content":{"rendered":"\n<p>Un inusual accidente de tr\u00e1nsito se registr\u00f3 en la tarde del domingo en la Ruta Provincial N\u00b0 15, en direcci\u00f3n a la localidad de Balde, donde dos camionetas colisionaron tras el cruce imprevisto de un jabal\u00ed sobre la calzada.<br>El hecho ocurri\u00f3 alrededor de las 17:30 horas y fue atendido por personal policial, tras una alerta que dio aviso de la colisi\u00f3n. Al llegar al lugar, los efectivos entrevistaron a un hombre de 69 a\u00f1os, domiciliado en el departamento de Santa Rosa, Mendoza, quien conduc\u00eda una camioneta Fiat Toro gris. Seg\u00fan su testimonio, circulaba de norte a sur por la ruta cuando se vio obligado a frenar bruscamente para evitar atropellar a un chancho jabal\u00ed que se le cruz\u00f3 de manera repentina.<br>Detr\u00e1s de \u00e9l circulaba una Toyota Hilux blanca, conducida por un hombre de 64 a\u00f1os, tambi\u00e9n oriundo de Santa Rosa, Mendoza, quien viajaba acompa\u00f1ado por su familia. Debido a la maniobra sorpresiva del veh\u00edculo que lo preced\u00eda, no logr\u00f3 frenar a tiempo y termin\u00f3 colisionando contra la Fiat Toro, que result\u00f3 ser conducida por su amigo.<br>A pesar del impacto, los ocupantes de ambos rodados resultaron ilesos. Sin embargo, uno de los acompa\u00f1antes de la Hilux, un hombre de 48 a\u00f1os, fue trasladado al Hospital de San Luis por personal de SEMPRO de manera preventiva, luego de manifestar dolores en la cintura y s\u00edntomas de presi\u00f3n arterial elevada.<\/p>\n\n\n\n<figure class=\"wp-block-gallery has-nested-images columns-default is-cropped wp-block-gallery-1 is-layout-flex wp-block-gallery-is-layout-flex\">\n<figure class=\"wp-block-image size-large\"><img fetchpriority=\"high\" decoding=\"async\" width=\"600\" height=\"465\" data-id=\"4845\" src=\"https:\/\/vecinosdelinterior.com\/wp-content\/uploads\/2025\/06\/510014089_585710654579625_7093118019811323725_n.jpg\" alt=\"\" class=\"wp-image-4845\" srcset=\"https:\/\/vecinosdelinterior.com\/wp-content\/uploads\/2025\/06\/510014089_585710654579625_7093118019811323725_n.jpg 600w, https:\/\/vecinosdelinterior.com\/wp-content\/uploads\/2025\/06\/510014089_585710654579625_7093118019811323725_n-300x233.jpg 300w\" sizes=\"(max-width: 600px) 100vw, 600px\" \/><\/figure>\n\n\n\n<figure class=\"wp-block-image size-large\"><img decoding=\"async\" width=\"1024\" height=\"796\" data-id=\"4846\" src=\"https:\/\/vecinosdelinterior.com\/wp-content\/uploads\/2025\/06\/WhatsApp-Image-2025-06-22-at-10.03.16-PM-1024x796.jpeg\" alt=\"\" class=\"wp-image-4846\" srcset=\"https:\/\/vecinosdelinterior.com\/wp-content\/uploads\/2025\/06\/WhatsApp-Image-2025-06-22-at-10.03.16-PM-1024x796.jpeg 1024w, https:\/\/vecinosdelinterior.com\/wp-content\/uploads\/2025\/06\/WhatsApp-Image-2025-06-22-at-10.03.16-PM-300x233.jpeg 300w, https:\/\/vecinosdelinterior.com\/wp-content\/uploads\/2025\/06\/WhatsApp-Image-2025-06-22-at-10.03.16-PM-768x597.jpeg 768w, https:\/\/vecinosdelinterior.com\/wp-content\/uploads\/2025\/06\/WhatsApp-Image-2025-06-22-at-10.03.16-PM-1536x1194.jpeg 1536w, https:\/\/vecinosdelinterior.com\/wp-content\/uploads\/2025\/06\/WhatsApp-Image-2025-06-22-at-10.03.16-PM-750x583.jpeg 750w, https:\/\/vecinosdelinterior.com\/wp-content\/uploads\/2025\/06\/WhatsApp-Image-2025-06-22-at-10.03.16-PM-1140x886.jpeg 1140w, https:\/\/vecinosdelinterior.com\/wp-content\/uploads\/2025\/06\/WhatsApp-Image-2025-06-22-at-10.03.16-PM.jpeg 1600w\" sizes=\"(max-width: 1024px) 100vw, 1024px\" \/><\/figure>\n<\/figure>\n","protected":false},"excerpt":{"rendered":"<p>Un inusual accidente de tr\u00e1nsito se registr\u00f3 en la tarde del domingo en la Ruta Provincial N\u00b0 15, en direcci\u00f3n a la localidad de Balde, donde dos camionetas colisionaron tras el cruce imprevisto de un jabal\u00ed sobre la calzada.El hecho ocurri\u00f3 alrededor de las 17:30 horas y fue atendido por personal policial, tras una alerta [&hellip;]<\/p>\n","protected":false},"author":1,"featured_media":4845,"comment_status":"open","ping_status":"open","sticky":false,"template":"","format":"standard","meta":{"footnotes":""},"categories":[382,12],"tags":[],"class_list":["post-4844","post","type-post","status-publish","format-standard","has-post-thumbnail","hentry","category-balde","category-pueyrredon"],"_links":{"self":[{"href":"https:\/\/vecinosdelinterior.com\/index.php\/wp-json\/wp\/v2\/posts\/4844","targetHints":{"allow":["GET"]}}],"collection":[{"href":"https:\/\/vecinosdelinterior.com\/index.php\/wp-json\/wp\/v2\/posts"}],"about":[{"href":"https:\/\/vecinosdelinterior.com\/index.php\/wp-json\/wp\/v2\/types\/post"}],"author":[{"embeddable":true,"href":"https:\/\/vecinosdelinterior.com\/index.php\/wp-json\/wp\/v2\/users\/1"}],"replies":[{"embeddable":true,"href":"https:\/\/vecinosdelinterior.com\/index.php\/wp-json\/wp\/v2\/comments?post=4844"}],"version-history":[{"count":1,"href":"https:\/\/vecinosdelinterior.com\/index.php\/wp-json\/wp\/v2\/posts\/4844\/revisions"}],"predecessor-version":[{"id":4847,"href":"https:\/\/vecinosdelinterior.com\/index.php\/wp-json\/wp\/v2\/posts\/4844\/revisions\/4847"}],"wp:featuredmedia":[{"embeddable":true,"href":"https:\/\/vecinosdelinterior.com\/index.php\/wp-json\/wp\/v2\/media\/4845"}],"wp:attachment":[{"href":"https:\/\/vecinosdelinterior.com\/index.php\/wp-json\/wp\/v2\/media?parent=4844"}],"wp:term":[{"taxonomy":"category","embeddable":true,"href":"https:\/\/vecinosdelinterior.com\/index.php\/wp-json\/wp\/v2\/categories?post=4844"},{"taxonomy":"post_tag","embeddable":true,"href":"https:\/\/vecinosdelinterior.com\/index.php\/wp-json\/wp\/v2\/tags?post=4844"}],"curies":[{"name":"wp","href":"https:\/\/api.w.org\/{rel}","templated":true}]}}