{"id":4872,"date":"2025-06-26T22:22:35","date_gmt":"2025-06-27T01:22:35","guid":{"rendered":"https:\/\/vecinosdelinterior.com\/?p=4872"},"modified":"2025-06-26T22:22:36","modified_gmt":"2025-06-27T01:22:36","slug":"haran-una-movilizacion-por-el-femicidio-de-zoe-perez","status":"publish","type":"post","link":"https:\/\/vecinosdelinterior.com\/index.php\/2025\/06\/26\/haran-una-movilizacion-por-el-femicidio-de-zoe-perez\/","title":{"rendered":"Har\u00e1n una movilizaci\u00f3n por el femicidio de Zoe P\u00e9rez"},"content":{"rendered":"\n<p>VECINOSDELINTERIOR.COM \/ 26 DE JUNIO<\/p>\n\n\n\n<p>Los familiares y amigos de Zoe Abigail P\u00e9rez Mora, la adolescente de 17 a\u00f1os asesinada en La Toma, convocan a la comunidad en general a participar de una concentraci\u00f3n que llevar\u00e1 a cabo este viernes, a las 09:30, en el Poder Judicial de San Luis.<\/p>\n\n\n\n<p>\u00a1Justicia por Zoe! Esa es la consigna de la movilizaci\u00f3n que coincide con la elevaci\u00f3n a juicio la causa del femicidio de la estudiante, cometido el 20 de febrero del 2024.<\/p>\n\n\n\n<p>Ricardo Adri\u00e1n Rodr\u00edguez y Leandro Joel Oses cumplen prisi\u00f3n preventiva. Inicialmente enfrentaban cargos por homicidio agravado, pero despu\u00e9s se les cambi\u00f3 la calificaci\u00f3n como coautores del delito de abuso sexual con acceso carnal seguido de muerte y la Fiscal\u00eda pidi\u00f3 que sean condenados a prisi\u00f3n perpetua.<\/p>\n\n\n\n<p>La fiscal adjunta Antonella Romagnoli, en la audiencia en la que fue modificada la calificaci\u00f3n de la causa, al hacer una reconstrucci\u00f3n de los hechos del 20 de febrero del a\u00f1o pasado, sostuvo:<\/p>\n\n\n\n<p>-que doce horas antes de su muerte, Zoe estuvo en el Club Pringles de la Toma con Rodr\u00edguez y Oses. All\u00ed tomaron mate, mientras miraban un partido de v\u00f3ley.<\/p>\n\n\n\n<p>-A las 22:40, junto a una amiga, se van a la plaza saludable.<\/p>\n\n\n\n<p>-Luego, la v\u00edctima, y los dos acusados se van a la casa de Rodr\u00edguez, ubicada en la calle Inti Huasi del Barrio Barracas, donde hay una vivienda principal y m\u00e1s atr\u00e1s, un peque\u00f1o departamento que alquilaba Rodr\u00edguez.<\/p>\n\n\n\n<ul class=\"wp-block-list\">\n<li>\u201cAll\u00ed estuvieron jugaron juegos de v\u00eddeo, se sacaron fotos e hicieron videos con el celular de Oses. Pero alrededor de las 3:40 de la madrugada, aproximadamente Rodr\u00edguez, amenaz\u00f3 a la damnificada dici\u00e9ndole \u00b4a m\u00ed no me incentives el demonio porque est\u00e1 todo mal. Es un consejo, no me provoques porque el demonio sale\u00b4, tal como surge de uno de los v\u00eddeos grabados\u201d, narr\u00f3 la fiscal adjunta.<\/li>\n<\/ul>\n\n\n\n<p>-De esos v\u00eddeos y fotograf\u00edas surge que las tres personas se encontraban en la cama de Rodr\u00edguez hasta por lo menos a las 4:30 horas de la madrugada.<\/p>\n\n\n\n<ul class=\"wp-block-list\">\n<li>\u201cEntre las 5 y las 7 de la ma\u00f1ana aproximadamente, los imputados sometieron sexualmente a la adolescente. Durante el forcejeo, Zoe logr\u00f3 librarse, pero en un intento de irse del lugar fue alcanzada por los imputados justo antes de la salida, en el espacio que est\u00e1 entre la heladera y la mesa del comedor, donde continu\u00f3 el ataque sexual situaci\u00f3n en la que ambos imputados terminaron asfixiando a Zoe quien con toda su fuerza hab\u00eda tratado de defenderse llegando a lesionar a sus agresores\u201d, detall\u00f3 la fiscal adjunta.<\/li>\n<\/ul>\n\n\n\n<p>\u201cHa pasado m\u00e1s de un a\u00f1o del femicidio de Zoe y este viernes el caso pasar\u00e1 a juicio. Todav\u00eda no sabemos la fecha, pero el motivo de la movilizaci\u00f3n es que el asesinato no quede en la nada, hay muchas cosas que se deben dejar afuera de la investigaci\u00f3n de los jueces. La causa est\u00e1 en la etapa final, pero queremos que la condena alga r\u00e1pido\u201d, expres\u00f3 uno de los familiares de la jovencita.<br>Fuente: EDDLR<\/p>\n","protected":false},"excerpt":{"rendered":"<p>VECINOSDELINTERIOR.COM \/ 26 DE JUNIO Los familiares y amigos de Zoe Abigail P\u00e9rez Mora, la adolescente de 17 a\u00f1os asesinada en La Toma, convocan a la comunidad en general a participar de una concentraci\u00f3n que llevar\u00e1 a cabo este viernes, a las 09:30, en el Poder Judicial de San Luis. \u00a1Justicia por Zoe! Esa es [&hellip;]<\/p>\n","protected":false},"author":1,"featured_media":4873,"comment_status":"open","ping_status":"open","sticky":false,"template":"","format":"standard","meta":{"footnotes":""},"categories":[3,2],"tags":[213],"class_list":["post-4872","post","type-post","status-publish","format-standard","has-post-thumbnail","hentry","category-la-toma","category-pringles","tag-policial"],"_links":{"self":[{"href":"https:\/\/vecinosdelinterior.com\/index.php\/wp-json\/wp\/v2\/posts\/4872","targetHints":{"allow":["GET"]}}],"collection":[{"href":"https:\/\/vecinosdelinterior.com\/index.php\/wp-json\/wp\/v2\/posts"}],"about":[{"href":"https:\/\/vecinosdelinterior.com\/index.php\/wp-json\/wp\/v2\/types\/post"}],"author":[{"embeddable":true,"href":"https:\/\/vecinosdelinterior.com\/index.php\/wp-json\/wp\/v2\/users\/1"}],"replies":[{"embeddable":true,"href":"https:\/\/vecinosdelinterior.com\/index.php\/wp-json\/wp\/v2\/comments?post=4872"}],"version-history":[{"count":1,"href":"https:\/\/vecinosdelinterior.com\/index.php\/wp-json\/wp\/v2\/posts\/4872\/revisions"}],"predecessor-version":[{"id":4874,"href":"https:\/\/vecinosdelinterior.com\/index.php\/wp-json\/wp\/v2\/posts\/4872\/revisions\/4874"}],"wp:featuredmedia":[{"embeddable":true,"href":"https:\/\/vecinosdelinterior.com\/index.php\/wp-json\/wp\/v2\/media\/4873"}],"wp:attachment":[{"href":"https:\/\/vecinosdelinterior.com\/index.php\/wp-json\/wp\/v2\/media?parent=4872"}],"wp:term":[{"taxonomy":"category","embeddable":true,"href":"https:\/\/vecinosdelinterior.com\/index.php\/wp-json\/wp\/v2\/categories?post=4872"},{"taxonomy":"post_tag","embeddable":true,"href":"https:\/\/vecinosdelinterior.com\/index.php\/wp-json\/wp\/v2\/tags?post=4872"}],"curies":[{"name":"wp","href":"https:\/\/api.w.org\/{rel}","templated":true}]}}