{"id":4875,"date":"2025-06-26T22:25:50","date_gmt":"2025-06-27T01:25:50","guid":{"rendered":"https:\/\/vecinosdelinterior.com\/?p=4875"},"modified":"2025-06-26T22:25:50","modified_gmt":"2025-06-27T01:25:50","slug":"arranco-impulso-emprendedor-en-buena-esperanza","status":"publish","type":"post","link":"https:\/\/vecinosdelinterior.com\/index.php\/2025\/06\/26\/arranco-impulso-emprendedor-en-buena-esperanza\/","title":{"rendered":"Arranc\u00f3 Impulso Emprendedor en Buena Esperanza"},"content":{"rendered":"\n<p>VECINOSDELINTERIOR.COM \/ 26 DE JUNIO<br>El primer taller del ciclo fue dictado por el equipo de Prensa y Comunicaci\u00f3n de la Municipalidad de Buena Esperanza.<br>\u00abHablamos de lo que realmente importa: c\u00f3mo emprender en Buena Esperanza, c\u00f3mo transformar ideas en acci\u00f3n y c\u00f3mo organizarse sin perder la chispa\u00bb.<br>Este viernes es el pr\u00f3ximo encuentro con m\u00e1s herramientas, m\u00e1s energ\u00eda y m\u00e1s impulso emprendedor.<\/p>\n\n\n\n<figure class=\"wp-block-gallery has-nested-images columns-default is-cropped wp-block-gallery-1 is-layout-flex wp-block-gallery-is-layout-flex\">\n<figure class=\"wp-block-image size-large\"><img fetchpriority=\"high\" decoding=\"async\" width=\"768\" height=\"1024\" data-id=\"4877\" src=\"https:\/\/vecinosdelinterior.com\/wp-content\/uploads\/2025\/06\/512654394_122222198360146161_4228666471886488825_n-768x1024.jpg\" alt=\"\" class=\"wp-image-4877\" srcset=\"https:\/\/vecinosdelinterior.com\/wp-content\/uploads\/2025\/06\/512654394_122222198360146161_4228666471886488825_n-768x1024.jpg 768w, https:\/\/vecinosdelinterior.com\/wp-content\/uploads\/2025\/06\/512654394_122222198360146161_4228666471886488825_n-225x300.jpg 225w, https:\/\/vecinosdelinterior.com\/wp-content\/uploads\/2025\/06\/512654394_122222198360146161_4228666471886488825_n-1152x1536.jpg 1152w, https:\/\/vecinosdelinterior.com\/wp-content\/uploads\/2025\/06\/512654394_122222198360146161_4228666471886488825_n-750x1000.jpg 750w, https:\/\/vecinosdelinterior.com\/wp-content\/uploads\/2025\/06\/512654394_122222198360146161_4228666471886488825_n-1140x1520.jpg 1140w, https:\/\/vecinosdelinterior.com\/wp-content\/uploads\/2025\/06\/512654394_122222198360146161_4228666471886488825_n.jpg 1536w\" sizes=\"(max-width: 768px) 100vw, 768px\" \/><\/figure>\n\n\n\n<figure class=\"wp-block-image size-large\"><img decoding=\"async\" width=\"1024\" height=\"768\" data-id=\"4876\" src=\"https:\/\/vecinosdelinterior.com\/wp-content\/uploads\/2025\/06\/510547718_122222198342146161_5198289669861461643_n-1024x768.jpg\" alt=\"\" class=\"wp-image-4876\" srcset=\"https:\/\/vecinosdelinterior.com\/wp-content\/uploads\/2025\/06\/510547718_122222198342146161_5198289669861461643_n-1024x768.jpg 1024w, https:\/\/vecinosdelinterior.com\/wp-content\/uploads\/2025\/06\/510547718_122222198342146161_5198289669861461643_n-300x225.jpg 300w, https:\/\/vecinosdelinterior.com\/wp-content\/uploads\/2025\/06\/510547718_122222198342146161_5198289669861461643_n-768x576.jpg 768w, https:\/\/vecinosdelinterior.com\/wp-content\/uploads\/2025\/06\/510547718_122222198342146161_5198289669861461643_n-750x563.jpg 750w, https:\/\/vecinosdelinterior.com\/wp-content\/uploads\/2025\/06\/510547718_122222198342146161_5198289669861461643_n-1140x855.jpg 1140w, https:\/\/vecinosdelinterior.com\/wp-content\/uploads\/2025\/06\/510547718_122222198342146161_5198289669861461643_n.jpg 1280w\" sizes=\"(max-width: 1024px) 100vw, 1024px\" \/><\/figure>\n<\/figure>\n","protected":false},"excerpt":{"rendered":"<p>VECINOSDELINTERIOR.COM \/ 26 DE JUNIOEl primer taller del ciclo fue dictado por el equipo de Prensa y Comunicaci\u00f3n de la Municipalidad de Buena Esperanza.\u00abHablamos de lo que realmente importa: c\u00f3mo emprender en Buena Esperanza, c\u00f3mo transformar ideas en acci\u00f3n y c\u00f3mo organizarse sin perder la chispa\u00bb.Este viernes es el pr\u00f3ximo encuentro con m\u00e1s herramientas, m\u00e1s [&hellip;]<\/p>\n","protected":false},"author":1,"featured_media":4877,"comment_status":"open","ping_status":"open","sticky":false,"template":"","format":"standard","meta":{"footnotes":""},"categories":[18,16],"tags":[],"class_list":["post-4875","post","type-post","status-publish","format-standard","has-post-thumbnail","hentry","category-buena-esperanza-dupuy","category-dupuy"],"_links":{"self":[{"href":"https:\/\/vecinosdelinterior.com\/index.php\/wp-json\/wp\/v2\/posts\/4875","targetHints":{"allow":["GET"]}}],"collection":[{"href":"https:\/\/vecinosdelinterior.com\/index.php\/wp-json\/wp\/v2\/posts"}],"about":[{"href":"https:\/\/vecinosdelinterior.com\/index.php\/wp-json\/wp\/v2\/types\/post"}],"author":[{"embeddable":true,"href":"https:\/\/vecinosdelinterior.com\/index.php\/wp-json\/wp\/v2\/users\/1"}],"replies":[{"embeddable":true,"href":"https:\/\/vecinosdelinterior.com\/index.php\/wp-json\/wp\/v2\/comments?post=4875"}],"version-history":[{"count":1,"href":"https:\/\/vecinosdelinterior.com\/index.php\/wp-json\/wp\/v2\/posts\/4875\/revisions"}],"predecessor-version":[{"id":4878,"href":"https:\/\/vecinosdelinterior.com\/index.php\/wp-json\/wp\/v2\/posts\/4875\/revisions\/4878"}],"wp:featuredmedia":[{"embeddable":true,"href":"https:\/\/vecinosdelinterior.com\/index.php\/wp-json\/wp\/v2\/media\/4877"}],"wp:attachment":[{"href":"https:\/\/vecinosdelinterior.com\/index.php\/wp-json\/wp\/v2\/media?parent=4875"}],"wp:term":[{"taxonomy":"category","embeddable":true,"href":"https:\/\/vecinosdelinterior.com\/index.php\/wp-json\/wp\/v2\/categories?post=4875"},{"taxonomy":"post_tag","embeddable":true,"href":"https:\/\/vecinosdelinterior.com\/index.php\/wp-json\/wp\/v2\/tags?post=4875"}],"curies":[{"name":"wp","href":"https:\/\/api.w.org\/{rel}","templated":true}]}}