{"id":4880,"date":"2025-06-28T08:42:00","date_gmt":"2025-06-28T11:42:00","guid":{"rendered":"https:\/\/vecinosdelinterior.com\/?p=4880"},"modified":"2025-06-28T20:43:35","modified_gmt":"2025-06-28T23:43:35","slug":"la-biblioteca-de-san-francisco-suma-actividades-para-todos-los-gustos","status":"publish","type":"post","link":"https:\/\/vecinosdelinterior.com\/index.php\/2025\/06\/28\/la-biblioteca-de-san-francisco-suma-actividades-para-todos-los-gustos\/","title":{"rendered":"La biblioteca de San Francisco suma actividades para todos los gustos"},"content":{"rendered":"\n<p><\/p>\n\n\n\n<p>Fundada en 1910, esta instituci\u00f3n cuenta con m\u00e1s de 5.000 ejemplares y ofrece una variada programaci\u00f3n que impulsa el crecimiento cultural en el norte provincial.<\/p>\n\n\n\n<p>Llevaran a cabo una nueva edici\u00f3n de la \u2018Ronda de Lectores\u2019, que tendr\u00e1 la modalidad de caf\u00e9 literario (con fecha a confirmar).<br>La biblioteca popular se encuentra ubicada en calle Belgrano, a metros de Plaza Pringles, en San Francisco del Monte de Oro. Fue fundada el 30 de octubre de 1910 y porta el nombre del ilustre educador chileno Juan de Dios Escobar y es una de las bibliotecas m\u00e1s antiguas del norte sanluise\u00f1o.<\/p>\n\n\n\n<p>Esta instituci\u00f3n cumple un rol fundamental en la comunidad, ya que preserva y difunde el legado cultural de la localidad. Cuenta con m\u00e1s de 5.000 ejemplares, entre libros, revistas, peri\u00f3dicos y dem\u00e1s publicaciones, destac\u00e1ndose una colecci\u00f3n del semanario \u2018Caras y Caretas\u2019 y las obras completas de Domingo F. Sarmiento. Resguarda adem\u00e1s objetos de gran valor y antig\u00fcedad.<\/p>\n\n\n\n<figure class=\"wp-block-gallery has-nested-images columns-default is-cropped wp-block-gallery-1 is-layout-flex wp-block-gallery-is-layout-flex\">\n<figure class=\"wp-block-image size-large\"><img fetchpriority=\"high\" decoding=\"async\" width=\"983\" height=\"655\" data-id=\"4881\" src=\"https:\/\/vecinosdelinterior.com\/wp-content\/uploads\/2025\/06\/BIBLIOTECA-EN-SAN-FRANCISCO-2.jpeg\" alt=\"\" class=\"wp-image-4881\" srcset=\"https:\/\/vecinosdelinterior.com\/wp-content\/uploads\/2025\/06\/BIBLIOTECA-EN-SAN-FRANCISCO-2.jpeg 983w, https:\/\/vecinosdelinterior.com\/wp-content\/uploads\/2025\/06\/BIBLIOTECA-EN-SAN-FRANCISCO-2-300x200.jpeg 300w, https:\/\/vecinosdelinterior.com\/wp-content\/uploads\/2025\/06\/BIBLIOTECA-EN-SAN-FRANCISCO-2-768x512.jpeg 768w, https:\/\/vecinosdelinterior.com\/wp-content\/uploads\/2025\/06\/BIBLIOTECA-EN-SAN-FRANCISCO-2-750x500.jpeg 750w\" sizes=\"(max-width: 983px) 100vw, 983px\" \/><\/figure>\n\n\n\n<figure class=\"wp-block-image size-large\"><img decoding=\"async\" width=\"1024\" height=\"683\" data-id=\"4882\" src=\"https:\/\/vecinosdelinterior.com\/wp-content\/uploads\/2025\/06\/BIBLIOTECA-EN-SAN-FRANCISCO-1-1024x683.jpeg\" alt=\"\" class=\"wp-image-4882\" srcset=\"https:\/\/vecinosdelinterior.com\/wp-content\/uploads\/2025\/06\/BIBLIOTECA-EN-SAN-FRANCISCO-1-1024x683.jpeg 1024w, https:\/\/vecinosdelinterior.com\/wp-content\/uploads\/2025\/06\/BIBLIOTECA-EN-SAN-FRANCISCO-1-300x200.jpeg 300w, https:\/\/vecinosdelinterior.com\/wp-content\/uploads\/2025\/06\/BIBLIOTECA-EN-SAN-FRANCISCO-1-768x512.jpeg 768w, https:\/\/vecinosdelinterior.com\/wp-content\/uploads\/2025\/06\/BIBLIOTECA-EN-SAN-FRANCISCO-1-750x500.jpeg 750w, https:\/\/vecinosdelinterior.com\/wp-content\/uploads\/2025\/06\/BIBLIOTECA-EN-SAN-FRANCISCO-1-1140x760.jpeg 1140w, https:\/\/vecinosdelinterior.com\/wp-content\/uploads\/2025\/06\/BIBLIOTECA-EN-SAN-FRANCISCO-1.jpeg 1200w\" sizes=\"(max-width: 1024px) 100vw, 1024px\" \/><\/figure>\n<\/figure>\n\n\n\n<p>Actualmente, m\u00e1s de 120 socios disfrutan de los servicios especiales que se ofrecen. A su vez, el material est\u00e1 disponible para la consulta del p\u00fablico en general dentro de las instalaciones de la instituci\u00f3n.<\/p>\n\n\n\n<p>Por otro lado, diariamente distintos profesionales dictan talleres arancelados de escritura, arte, tango, danzas folcl\u00f3ricas, yoga, chi kung, ingl\u00e9s, dise\u00f1o gr\u00e1fico, programaci\u00f3n y clases de apoyo de qu\u00edmica y f\u00edsica, entre otras propuestas.<\/p>\n\n\n\n<p>El espacio abre sus puertas para todo el p\u00fablico los lunes, mi\u00e9rcoles y viernes de 9:00 a 12:00. Mientras que, los talleres funcionan habitualmente durante la tarde. Para conocer m\u00e1s detalles sobre los cronogramas se pueden consultar en la cuenta de Facebook \u2018Biblioteca Popular Juan de Dios Escobar\u2019.<\/p>\n\n\n\n<p>Pr\u00f3ximas actividades<\/p>\n\n\n\n<p>Recientemente, se ha generado un grupo de amigos de la biblioteca para sumar ideas o sugerencias. En tanto que, durante las vacaciones de invierno est\u00e1 prevista la presentaci\u00f3n del libro \u2018Vamos a los or\u00edgenes\u2019, de Pascual Gentile, el 12 de julio a las 17:00. Esta actividad incluir\u00e1 conversaci\u00f3n con el autor y degustaci\u00f3n de infusiones ancestrales.<\/p>\n","protected":false},"excerpt":{"rendered":"<p>Fundada en 1910, esta instituci\u00f3n cuenta con m\u00e1s de 5.000 ejemplares y ofrece una variada programaci\u00f3n que impulsa el crecimiento cultural en el norte provincial. Llevaran a cabo una nueva edici\u00f3n de la \u2018Ronda de Lectores\u2019, que tendr\u00e1 la modalidad de caf\u00e9 literario (con fecha a confirmar).La biblioteca popular se encuentra ubicada en calle Belgrano, [&hellip;]<\/p>\n","protected":false},"author":1,"featured_media":4881,"comment_status":"open","ping_status":"open","sticky":false,"template":"","format":"standard","meta":{"footnotes":""},"categories":[8,9],"tags":[],"class_list":["post-4880","post","type-post","status-publish","format-standard","has-post-thumbnail","hentry","category-ayacucho","category-san-francisco"],"_links":{"self":[{"href":"https:\/\/vecinosdelinterior.com\/index.php\/wp-json\/wp\/v2\/posts\/4880","targetHints":{"allow":["GET"]}}],"collection":[{"href":"https:\/\/vecinosdelinterior.com\/index.php\/wp-json\/wp\/v2\/posts"}],"about":[{"href":"https:\/\/vecinosdelinterior.com\/index.php\/wp-json\/wp\/v2\/types\/post"}],"author":[{"embeddable":true,"href":"https:\/\/vecinosdelinterior.com\/index.php\/wp-json\/wp\/v2\/users\/1"}],"replies":[{"embeddable":true,"href":"https:\/\/vecinosdelinterior.com\/index.php\/wp-json\/wp\/v2\/comments?post=4880"}],"version-history":[{"count":1,"href":"https:\/\/vecinosdelinterior.com\/index.php\/wp-json\/wp\/v2\/posts\/4880\/revisions"}],"predecessor-version":[{"id":4883,"href":"https:\/\/vecinosdelinterior.com\/index.php\/wp-json\/wp\/v2\/posts\/4880\/revisions\/4883"}],"wp:featuredmedia":[{"embeddable":true,"href":"https:\/\/vecinosdelinterior.com\/index.php\/wp-json\/wp\/v2\/media\/4881"}],"wp:attachment":[{"href":"https:\/\/vecinosdelinterior.com\/index.php\/wp-json\/wp\/v2\/media?parent=4880"}],"wp:term":[{"taxonomy":"category","embeddable":true,"href":"https:\/\/vecinosdelinterior.com\/index.php\/wp-json\/wp\/v2\/categories?post=4880"},{"taxonomy":"post_tag","embeddable":true,"href":"https:\/\/vecinosdelinterior.com\/index.php\/wp-json\/wp\/v2\/tags?post=4880"}],"curies":[{"name":"wp","href":"https:\/\/api.w.org\/{rel}","templated":true}]}}