{"id":4892,"date":"2025-06-29T21:21:14","date_gmt":"2025-06-30T00:21:14","guid":{"rendered":"https:\/\/vecinosdelinterior.com\/?p=4892"},"modified":"2025-06-29T21:21:15","modified_gmt":"2025-06-30T00:21:15","slug":"se-suspenden-las-clases-del-turno-manana-en-toda-la-provincia","status":"publish","type":"post","link":"https:\/\/vecinosdelinterior.com\/index.php\/2025\/06\/29\/se-suspenden-las-clases-del-turno-manana-en-toda-la-provincia\/","title":{"rendered":"Se suspenden las clases del turno ma\u00f1ana en toda la provincia"},"content":{"rendered":"\n<p>VECINOSDELINTERIOR.COM \/ 29 DE JUNIO<br>Este lunes 30 de junio, los establecimientos educativos de toda la provincia no tendr\u00e1n clases durante el turno ma\u00f1ana. La medida abarca a todos los establecimientos, tanto los que son de gesti\u00f3n publica en sus diferentes modalidades, como los de gesti\u00f3n privada<br>La medida tomada por el ministerio de Educaci\u00f3n, en coordinaci\u00f3n con otras carteras del ejecutivo provincial, obedece a las condiciones clim\u00e1ticas imperantes en todo el territorio provincial y a las previsiones meteorol\u00f3gicas pronosticadas para las primeras horas del lunes.<br>Asimismo, se informa que en los establecimientos educativos donde estaba previsto la entrega de la mercader\u00eda correspondiente a \u201cPANE Invierno\u201d, la misma ser\u00e1 reprogramada durante la presente semana<\/p>\n","protected":false},"excerpt":{"rendered":"<p>VECINOSDELINTERIOR.COM \/ 29 DE JUNIOEste lunes 30 de junio, los establecimientos educativos de toda la provincia no tendr\u00e1n clases durante el turno ma\u00f1ana. La medida abarca a todos los establecimientos, tanto los que son de gesti\u00f3n publica en sus diferentes modalidades, como los de gesti\u00f3n privadaLa medida tomada por el ministerio de Educaci\u00f3n, en coordinaci\u00f3n [&hellip;]<\/p>\n","protected":false},"author":1,"featured_media":4893,"comment_status":"open","ping_status":"open","sticky":false,"template":"","format":"standard","meta":{"footnotes":""},"categories":[80],"tags":[],"class_list":["post-4892","post","type-post","status-publish","format-standard","has-post-thumbnail","hentry","category-general"],"_links":{"self":[{"href":"https:\/\/vecinosdelinterior.com\/index.php\/wp-json\/wp\/v2\/posts\/4892","targetHints":{"allow":["GET"]}}],"collection":[{"href":"https:\/\/vecinosdelinterior.com\/index.php\/wp-json\/wp\/v2\/posts"}],"about":[{"href":"https:\/\/vecinosdelinterior.com\/index.php\/wp-json\/wp\/v2\/types\/post"}],"author":[{"embeddable":true,"href":"https:\/\/vecinosdelinterior.com\/index.php\/wp-json\/wp\/v2\/users\/1"}],"replies":[{"embeddable":true,"href":"https:\/\/vecinosdelinterior.com\/index.php\/wp-json\/wp\/v2\/comments?post=4892"}],"version-history":[{"count":1,"href":"https:\/\/vecinosdelinterior.com\/index.php\/wp-json\/wp\/v2\/posts\/4892\/revisions"}],"predecessor-version":[{"id":4894,"href":"https:\/\/vecinosdelinterior.com\/index.php\/wp-json\/wp\/v2\/posts\/4892\/revisions\/4894"}],"wp:featuredmedia":[{"embeddable":true,"href":"https:\/\/vecinosdelinterior.com\/index.php\/wp-json\/wp\/v2\/media\/4893"}],"wp:attachment":[{"href":"https:\/\/vecinosdelinterior.com\/index.php\/wp-json\/wp\/v2\/media?parent=4892"}],"wp:term":[{"taxonomy":"category","embeddable":true,"href":"https:\/\/vecinosdelinterior.com\/index.php\/wp-json\/wp\/v2\/categories?post=4892"},{"taxonomy":"post_tag","embeddable":true,"href":"https:\/\/vecinosdelinterior.com\/index.php\/wp-json\/wp\/v2\/tags?post=4892"}],"curies":[{"name":"wp","href":"https:\/\/api.w.org\/{rel}","templated":true}]}}