{"id":4915,"date":"2025-07-03T08:50:51","date_gmt":"2025-07-03T11:50:51","guid":{"rendered":"https:\/\/vecinosdelinterior.com\/?p=4915"},"modified":"2025-07-07T20:00:35","modified_gmt":"2025-07-07T23:00:35","slug":"raices-productivas-san-luis-un-proyecto-de-ley-desde-el-senado-que-busca-impulsar-una-nueva-ley-integral-para-el-desarrollo-agricola-y-ganadero-de-la-provincia","status":"publish","type":"post","link":"https:\/\/vecinosdelinterior.com\/index.php\/2025\/07\/03\/raices-productivas-san-luis-un-proyecto-de-ley-desde-el-senado-que-busca-impulsar-una-nueva-ley-integral-para-el-desarrollo-agricola-y-ganadero-de-la-provincia\/","title":{"rendered":"\u201cRa\u00edces Productivas San Luis\u201d: Un proyecto que busca impulsar una nueva Ley Integral para el Desarrollo Agr\u00edcola y Ganadero de la provincia."},"content":{"rendered":"\n<p>El proyecto de ley fue presentado por el senador Justicialista por el Departamento Dupuy Sergio \u00abPitin\u00bb Moreyra. La iniciativa es ambiciosa ya que promueve una nueva ley integral para el desarrollo agr\u00edcola y ganadero de San Luis, reemplazando un marco normativo antiguo (Ley VIII-0247-2004 y su modificaci\u00f3n de 2007), pero con un foco en la sustentabilidad, el arraigo rural, el valor agregado local y la inclusi\u00f3n productiva.<\/p>\n\n\n\n<p>\u00abEste proyecto nace de una necesidad concreta que es la de actualizar un r\u00e9gimen legal que ha quedado desfasado frente a los nuevos desaf\u00edos que enfrenta nuestro sistema productivo\u00bb remarco Moreyra. Y destaca que \u00abno se trata solo de mejorar n\u00fameros o estad\u00edsticas, sino que trata de sostener a los peque\u00f1os y medianos productores, de generar empleo genuino, de abaratar el precio de los alimentos en la g\u00f3ndola, de arraigar a nuestras juventudes rurales y de darles previsibilidad a quienes trabajan la tierra d\u00eda tras d\u00eda\u00bb<\/p>\n\n\n\n<figure class=\"wp-block-image size-large\"><img fetchpriority=\"high\" decoding=\"async\" width=\"1024\" height=\"683\" src=\"https:\/\/vecinosdelinterior.com\/wp-content\/uploads\/2025\/07\/WhatsApp-Image-2025-07-01-at-10.01.53-PM-1024x683.jpeg\" alt=\"\" class=\"wp-image-4925\" srcset=\"https:\/\/vecinosdelinterior.com\/wp-content\/uploads\/2025\/07\/WhatsApp-Image-2025-07-01-at-10.01.53-PM-1024x683.jpeg 1024w, https:\/\/vecinosdelinterior.com\/wp-content\/uploads\/2025\/07\/WhatsApp-Image-2025-07-01-at-10.01.53-PM-300x200.jpeg 300w, https:\/\/vecinosdelinterior.com\/wp-content\/uploads\/2025\/07\/WhatsApp-Image-2025-07-01-at-10.01.53-PM-768x512.jpeg 768w, https:\/\/vecinosdelinterior.com\/wp-content\/uploads\/2025\/07\/WhatsApp-Image-2025-07-01-at-10.01.53-PM-750x500.jpeg 750w, https:\/\/vecinosdelinterior.com\/wp-content\/uploads\/2025\/07\/WhatsApp-Image-2025-07-01-at-10.01.53-PM-1140x760.jpeg 1140w, https:\/\/vecinosdelinterior.com\/wp-content\/uploads\/2025\/07\/WhatsApp-Image-2025-07-01-at-10.01.53-PM.jpeg 1500w\" sizes=\"(max-width: 1024px) 100vw, 1024px\" \/><\/figure>\n\n\n\n<p>El legislador advierte que la ley anterior ha quedado desactualizada y critica la actual situaci\u00f3n en la que se exporta ganado en pie y se importa carne faenada, lo que eleva los costos al consumidor. Entre lo que se propone est\u00e1 cambiar este esquema con medidas que fomenten la retenci\u00f3n, recr\u00eda, faena local y valor agregado en origen, acompa\u00f1adas de cr\u00e9ditos, asistencia t\u00e9cnica e infraestructura.<\/p>\n\n\n\n<p>Adem\u00e1s, destaca que el proyecto apunta a revitalizar las comunidades rurales y a convertir la vida en el campo en una opci\u00f3n digna y sostenible. El enfoque incluye tecnolog\u00eda, sostenibilidad, equidad territorial y participaci\u00f3n de cooperativas y municipios.<\/p>\n\n\n\n<p>Principales aspectos y modificaciones que pretende este proyecto de Ley:<\/p>\n\n\n\n<ol class=\"wp-block-list\">\n<li><strong>Nuevo enfoque integral y estrat\u00e9gico<\/strong><br><\/li>\n<\/ol>\n\n\n\n<p>Se reemplaza una ley desactualizada por un marco moderno y m\u00e1s operativo.<\/p>\n\n\n\n<p>Se incluyen principios rectores como la equidad territorial, la innovaci\u00f3n tecnol\u00f3gica, el asociativismo y la sustentabilidad.<\/p>\n\n\n\n<p>Se considera a la ley como parte de una pol\u00edtica estructural de desarrollo territorial.<\/p>\n\n\n\n<ol start=\"2\" class=\"wp-block-list\">\n<li><strong>Fomento a la ganader\u00eda local<br><\/strong><\/li>\n<\/ol>\n\n\n\n<p>Se impulsa la retenci\u00f3n, recr\u00eda, engorde y faena local del ganado, para reducir la exportaci\u00f3n en pie y abaratar los precios al consumidor.<\/p>\n\n\n\n<p>Se crea el Programa Provincial de Retenci\u00f3n de Vientres.<\/p>\n\n\n\n<p>Se promueve la mejora gen\u00e9tica con incentivos y asistencia t\u00e9cnica.<\/p>\n\n\n\n<p>Se fortalecen mataderos, frigor\u00edficos y trazabilidad.<\/p>\n\n\n\n<ol start=\"3\" class=\"wp-block-list\">\n<li><strong>Impulso a la agricultura diversificada y sustentable<br><\/strong><\/li>\n<\/ol>\n\n\n\n<p>Se promueve la diversificaci\u00f3n productiva (hort\u00edcolas, frut\u00edcolas, industriales, forestales, etc.).<\/p>\n\n\n\n<p>Se crea el Programa de Agricultura Regenerativa y Agroecol\u00f3gica.<\/p>\n\n\n\n<p>Se incentiva la industrializaci\u00f3n agr\u00edcola en origen (aceites, conservas, biocombustibles, etc.).<\/p>\n\n\n\n<p>Se apoya la infraestructura productiva rural (riego, caminos, energ\u00eda, acopio).<\/p>\n\n\n\n<ol start=\"4\" class=\"wp-block-list\">\n<li><strong>Herramientas econ\u00f3micas y fiscales<br><\/strong><\/li>\n<\/ol>\n\n\n\n<p>Se otorgan exenciones impositivas (Ingresos Brutos, Inmobiliario Rural, Sellos).<\/p>\n\n\n\n<p>Se garantiza estabilidad fiscal por 5 a\u00f1os a los beneficiarios.<\/p>\n\n\n\n<p>Se crea el Fondo Provincial de Fomento Agroganadero, con foco en peque\u00f1os y medianos productores.<\/p>\n\n\n\n<p>Se da trato preferencial a cooperativas, asociaciones de peque\u00f1os productores, juventudes rurales y comunidades originarias.<\/p>\n\n\n\n<ol start=\"5\" class=\"wp-block-list\">\n<li><strong>Fomento del arraigo rural<br><\/strong>.<\/li>\n<\/ol>\n\n\n\n<p>Se prev\u00e9 cr\u00e9dito y subsidios para viviendas productivas, provisi\u00f3n de servicios y acceso a tierras fiscales<\/p>\n\n\n\n<p>Se crea un Programa de Juventudes Rurales Productivas para frenar el \u00e9xodo rural y fomentar el agroemprendedurismo juvenil.<\/p>\n\n\n\n<ol start=\"6\" class=\"wp-block-list\">\n<li><strong>Buenas Pr\u00e1cticas Agropecuarias<br><\/strong><\/li>\n<\/ol>\n\n\n\n<p>Se crea un programa de certificaci\u00f3n BPA (Buenas Pr\u00e1cticas Agropecuarias).<\/p>\n\n\n\n<p>Se establece un manual t\u00e9cnico obligatorio actualizado anualmente.<\/p>\n\n\n\n<p>Los beneficios econ\u00f3micos estar\u00e1n condicionados al cumplimiento de pr\u00e1cticas sostenibles.<\/p>\n\n\n\n<ol start=\"7\" class=\"wp-block-list\">\n<li><strong>Educaci\u00f3n, asistencia t\u00e9cnica y control<br><\/strong><\/li>\n<\/ol>\n\n\n\n<p>Formaci\u00f3n t\u00e9cnica continua para productores y trabajadores rurales.<\/p>\n\n\n\n<p>Equipos t\u00e9cnicos territoriales interdisciplinarios.<\/p>\n\n\n\n<p>Registro obligatorio de beneficiarios y creaci\u00f3n de un Consejo Consultivo Multisectorial.<\/p>\n\n\n\n<p>Publicaci\u00f3n anual de informes de resultados y rendici\u00f3n de cuentas p\u00fablicas.<\/p>\n\n\n\n<p>\u00abProponemos una ley moderna, clara, con incentivos concretos, con enfoque en la sostenibilidad, en la tecnolog\u00eda, en la equidad territorial, en el rol de las cooperativas y en la articulaci\u00f3n con los municipios\u00bb remarca el legislador. <\/p>\n\n\n\n<p>Por \u00faltimo, Moreira hizo hincapi\u00e9 en que \u00abno puede seguir pens\u00e1ndose solo desde las grandes ciudades. San Luis tiene un potencial enorme en cada rinc\u00f3n de su geograf\u00eda, y este proyecto busca encender ese motor dormido que es el interior productivo\u00bb.<\/p>\n\n\n\n<figure class=\"wp-block-gallery has-nested-images columns-default is-cropped wp-block-gallery-1 is-layout-flex wp-block-gallery-is-layout-flex\">\n<figure class=\"wp-block-image size-large\"><img decoding=\"async\" width=\"790\" height=\"592\" data-id=\"4926\" src=\"https:\/\/vecinosdelinterior.com\/wp-content\/uploads\/2025\/07\/san-luis-1jpg.webp\" alt=\"\" class=\"wp-image-4926\" srcset=\"https:\/\/vecinosdelinterior.com\/wp-content\/uploads\/2025\/07\/san-luis-1jpg.webp 790w, https:\/\/vecinosdelinterior.com\/wp-content\/uploads\/2025\/07\/san-luis-1jpg-300x225.webp 300w, https:\/\/vecinosdelinterior.com\/wp-content\/uploads\/2025\/07\/san-luis-1jpg-768x576.webp 768w, https:\/\/vecinosdelinterior.com\/wp-content\/uploads\/2025\/07\/san-luis-1jpg-750x562.webp 750w\" sizes=\"(max-width: 790px) 100vw, 790px\" \/><\/figure>\n\n\n\n<figure class=\"wp-block-image size-large\"><img decoding=\"async\" width=\"1024\" height=\"621\" data-id=\"4927\" src=\"https:\/\/vecinosdelinterior.com\/wp-content\/uploads\/2025\/07\/soja-1024x621.jpg\" alt=\"\" class=\"wp-image-4927\" srcset=\"https:\/\/vecinosdelinterior.com\/wp-content\/uploads\/2025\/07\/soja-1024x621.jpg 1024w, https:\/\/vecinosdelinterior.com\/wp-content\/uploads\/2025\/07\/soja-300x182.jpg 300w, https:\/\/vecinosdelinterior.com\/wp-content\/uploads\/2025\/07\/soja-768x466.jpg 768w, https:\/\/vecinosdelinterior.com\/wp-content\/uploads\/2025\/07\/soja-750x455.jpg 750w, https:\/\/vecinosdelinterior.com\/wp-content\/uploads\/2025\/07\/soja-1140x692.jpg 1140w, https:\/\/vecinosdelinterior.com\/wp-content\/uploads\/2025\/07\/soja.jpg 1200w\" sizes=\"(max-width: 1024px) 100vw, 1024px\" \/><\/figure>\n<\/figure>\n","protected":false},"excerpt":{"rendered":"<p>El proyecto de ley fue presentado por el senador Justicialista por el Departamento Dupuy Sergio \u00abPitin\u00bb Moreyra. La iniciativa es ambiciosa ya que promueve una nueva ley integral para el desarrollo agr\u00edcola y ganadero de San Luis, reemplazando un marco normativo antiguo (Ley VIII-0247-2004 y su modificaci\u00f3n de 2007), pero con un foco en la [&hellip;]<\/p>\n","protected":false},"author":1,"featured_media":4925,"comment_status":"open","ping_status":"open","sticky":false,"template":"","format":"standard","meta":{"footnotes":""},"categories":[80],"tags":[],"class_list":["post-4915","post","type-post","status-publish","format-standard","has-post-thumbnail","hentry","category-general"],"_links":{"self":[{"href":"https:\/\/vecinosdelinterior.com\/index.php\/wp-json\/wp\/v2\/posts\/4915","targetHints":{"allow":["GET"]}}],"collection":[{"href":"https:\/\/vecinosdelinterior.com\/index.php\/wp-json\/wp\/v2\/posts"}],"about":[{"href":"https:\/\/vecinosdelinterior.com\/index.php\/wp-json\/wp\/v2\/types\/post"}],"author":[{"embeddable":true,"href":"https:\/\/vecinosdelinterior.com\/index.php\/wp-json\/wp\/v2\/users\/1"}],"replies":[{"embeddable":true,"href":"https:\/\/vecinosdelinterior.com\/index.php\/wp-json\/wp\/v2\/comments?post=4915"}],"version-history":[{"count":6,"href":"https:\/\/vecinosdelinterior.com\/index.php\/wp-json\/wp\/v2\/posts\/4915\/revisions"}],"predecessor-version":[{"id":4930,"href":"https:\/\/vecinosdelinterior.com\/index.php\/wp-json\/wp\/v2\/posts\/4915\/revisions\/4930"}],"wp:featuredmedia":[{"embeddable":true,"href":"https:\/\/vecinosdelinterior.com\/index.php\/wp-json\/wp\/v2\/media\/4925"}],"wp:attachment":[{"href":"https:\/\/vecinosdelinterior.com\/index.php\/wp-json\/wp\/v2\/media?parent=4915"}],"wp:term":[{"taxonomy":"category","embeddable":true,"href":"https:\/\/vecinosdelinterior.com\/index.php\/wp-json\/wp\/v2\/categories?post=4915"},{"taxonomy":"post_tag","embeddable":true,"href":"https:\/\/vecinosdelinterior.com\/index.php\/wp-json\/wp\/v2\/tags?post=4915"}],"curies":[{"name":"wp","href":"https:\/\/api.w.org\/{rel}","templated":true}]}}