{"id":4940,"date":"2025-07-04T21:08:38","date_gmt":"2025-07-05T00:08:38","guid":{"rendered":"https:\/\/vecinosdelinterior.com\/?p=4940"},"modified":"2025-07-04T21:08:39","modified_gmt":"2025-07-05T00:08:39","slug":"aumenta-el-transporte-interurbano-2","status":"publish","type":"post","link":"https:\/\/vecinosdelinterior.com\/index.php\/2025\/07\/04\/aumenta-el-transporte-interurbano-2\/","title":{"rendered":"Aumenta el Transporte Interurbano"},"content":{"rendered":"\n<p>VECINOSDELINTERIOR.COM \/ 04 DE JULIO<\/p>\n\n\n\n<p>La nueva tarifa regir\u00e1 a partir de este s\u00e1bado 05 de julio y afectar\u00e1 a los servicios de corta, media y larga distancia. La medida, anunciada por la direcci\u00f3n de Transporte, tiene como objetivo garantizar la sostenibilidad del sistema.<\/p>\n\n\n\n<p>La actualizaci\u00f3n de tarifas, que oscila al 15%, responde a diversos factores. En primer lugar, cumplimiento de los acuerdos salariales establecidos con el sindicato de la Uni\u00f3n Tranviarios Automotor (UTA) y, adem\u00e1s, se consideran los incrementos en los costos de los insumos esenciales para el funcionamiento del servicio, tales como combustibles, repuestos y mantenimiento.<\/p>\n\n\n\n<div data-wp-interactive=\"core\/file\" class=\"wp-block-file\"><object data-wp-bind--hidden=\"!state.hasPdfPreview\" hidden class=\"wp-block-file__embed\" data=\"https:\/\/vecinosdelinterior.com\/wp-content\/uploads\/2025\/07\/RESOLUCION-N\u00b0-80-ST-DT-2025.pdf\" type=\"application\/pdf\" style=\"width:100%;height:600px\" aria-label=\"Incrustado de RESOLUCION-N\u00b0-80-ST-DT-2025.\"><\/object><a id=\"wp-block-file--media-f4e08a4e-97b6-4eed-8ab0-b1b58732804d\" href=\"https:\/\/vecinosdelinterior.com\/wp-content\/uploads\/2025\/07\/RESOLUCION-N\u00b0-80-ST-DT-2025.pdf\">RESOLUCION-N\u00b0-80-ST-DT-2025<\/a><a href=\"https:\/\/vecinosdelinterior.com\/wp-content\/uploads\/2025\/07\/RESOLUCION-N\u00b0-80-ST-DT-2025.pdf\" class=\"wp-block-file__button wp-element-button\" download aria-describedby=\"wp-block-file--media-f4e08a4e-97b6-4eed-8ab0-b1b58732804d\">Descarga<\/a><\/div>\n","protected":false},"excerpt":{"rendered":"<p>VECINOSDELINTERIOR.COM \/ 04 DE JULIO La nueva tarifa regir\u00e1 a partir de este s\u00e1bado 05 de julio y afectar\u00e1 a los servicios de corta, media y larga distancia. La medida, anunciada por la direcci\u00f3n de Transporte, tiene como objetivo garantizar la sostenibilidad del sistema. La actualizaci\u00f3n de tarifas, que oscila al 15%, responde a diversos [&hellip;]<\/p>\n","protected":false},"author":1,"featured_media":4943,"comment_status":"open","ping_status":"open","sticky":false,"template":"","format":"standard","meta":{"footnotes":""},"categories":[80],"tags":[],"class_list":["post-4940","post","type-post","status-publish","format-standard","has-post-thumbnail","hentry","category-general"],"_links":{"self":[{"href":"https:\/\/vecinosdelinterior.com\/index.php\/wp-json\/wp\/v2\/posts\/4940","targetHints":{"allow":["GET"]}}],"collection":[{"href":"https:\/\/vecinosdelinterior.com\/index.php\/wp-json\/wp\/v2\/posts"}],"about":[{"href":"https:\/\/vecinosdelinterior.com\/index.php\/wp-json\/wp\/v2\/types\/post"}],"author":[{"embeddable":true,"href":"https:\/\/vecinosdelinterior.com\/index.php\/wp-json\/wp\/v2\/users\/1"}],"replies":[{"embeddable":true,"href":"https:\/\/vecinosdelinterior.com\/index.php\/wp-json\/wp\/v2\/comments?post=4940"}],"version-history":[{"count":1,"href":"https:\/\/vecinosdelinterior.com\/index.php\/wp-json\/wp\/v2\/posts\/4940\/revisions"}],"predecessor-version":[{"id":4944,"href":"https:\/\/vecinosdelinterior.com\/index.php\/wp-json\/wp\/v2\/posts\/4940\/revisions\/4944"}],"wp:featuredmedia":[{"embeddable":true,"href":"https:\/\/vecinosdelinterior.com\/index.php\/wp-json\/wp\/v2\/media\/4943"}],"wp:attachment":[{"href":"https:\/\/vecinosdelinterior.com\/index.php\/wp-json\/wp\/v2\/media?parent=4940"}],"wp:term":[{"taxonomy":"category","embeddable":true,"href":"https:\/\/vecinosdelinterior.com\/index.php\/wp-json\/wp\/v2\/categories?post=4940"},{"taxonomy":"post_tag","embeddable":true,"href":"https:\/\/vecinosdelinterior.com\/index.php\/wp-json\/wp\/v2\/tags?post=4940"}],"curies":[{"name":"wp","href":"https:\/\/api.w.org\/{rel}","templated":true}]}}