{"id":4965,"date":"2025-07-08T10:04:55","date_gmt":"2025-07-08T13:04:55","guid":{"rendered":"https:\/\/vecinosdelinterior.com\/?p=4965"},"modified":"2025-07-08T10:04:55","modified_gmt":"2025-07-08T13:04:55","slug":"santa-rosa-cumple-167-anos-de-historia-fe-y-arraigo-a-las-tradiciones","status":"publish","type":"post","link":"https:\/\/vecinosdelinterior.com\/index.php\/2025\/07\/08\/santa-rosa-cumple-167-anos-de-historia-fe-y-arraigo-a-las-tradiciones\/","title":{"rendered":"Santa Rosa cumple 167 a\u00f1os de historia, fe y arraigo a las tradiciones"},"content":{"rendered":"\n<p>VECINOSDELINTERIOR.COM \/ 08 DE JULIO<\/p>\n\n\n\n<p>Con una fuerte identidad cultural, el pueblo supo crecer a la vera del rio que le da su nombre, desarrollando una econom\u00eda basada inicialmente en la agricultura, la ganader\u00eda y el comercio.<\/p>\n\n\n\n<p>Ubicada en el noreste de la provincia, a orillas del r\u00edo Conlara, Santa Rosa es una de las localidades m\u00e1s antiguas de la regi\u00f3n y un punto estrat\u00e9gico en el mapa tur\u00edstico provincial. Su fundaci\u00f3n data del 7 de julio de 1858, fecha en la que oficialmente se reconoce su establecimiento como villa, aunque su historia se remonta a tiempos coloniales, con presencia de pobladores criollos y pueblos originarios.<\/p>\n\n\n\n<figure class=\"wp-block-gallery has-nested-images columns-default is-cropped wp-block-gallery-1 is-layout-flex wp-block-gallery-is-layout-flex\">\n<figure class=\"wp-block-image size-large\"><img fetchpriority=\"high\" decoding=\"async\" width=\"500\" height=\"412\" data-id=\"4966\" src=\"https:\/\/vecinosdelinterior.com\/wp-content\/uploads\/2025\/07\/SANTA-ROSA-DEL-CONLARA-17-500x412-1.jpeg\" alt=\"\" class=\"wp-image-4966\" srcset=\"https:\/\/vecinosdelinterior.com\/wp-content\/uploads\/2025\/07\/SANTA-ROSA-DEL-CONLARA-17-500x412-1.jpeg 500w, https:\/\/vecinosdelinterior.com\/wp-content\/uploads\/2025\/07\/SANTA-ROSA-DEL-CONLARA-17-500x412-1-300x247.jpeg 300w\" sizes=\"(max-width: 500px) 100vw, 500px\" \/><\/figure>\n\n\n\n<figure class=\"wp-block-image size-large\"><img decoding=\"async\" width=\"1024\" height=\"682\" data-id=\"4967\" src=\"https:\/\/vecinosdelinterior.com\/wp-content\/uploads\/2025\/07\/SANTA-ROSA-DEL-CONLARA-13-1024x682.jpeg\" alt=\"\" class=\"wp-image-4967\" srcset=\"https:\/\/vecinosdelinterior.com\/wp-content\/uploads\/2025\/07\/SANTA-ROSA-DEL-CONLARA-13-1024x682.jpeg 1024w, https:\/\/vecinosdelinterior.com\/wp-content\/uploads\/2025\/07\/SANTA-ROSA-DEL-CONLARA-13-300x200.jpeg 300w, https:\/\/vecinosdelinterior.com\/wp-content\/uploads\/2025\/07\/SANTA-ROSA-DEL-CONLARA-13-768x512.jpeg 768w, https:\/\/vecinosdelinterior.com\/wp-content\/uploads\/2025\/07\/SANTA-ROSA-DEL-CONLARA-13-1536x1023.jpeg 1536w, https:\/\/vecinosdelinterior.com\/wp-content\/uploads\/2025\/07\/SANTA-ROSA-DEL-CONLARA-13-750x500.jpeg 750w, https:\/\/vecinosdelinterior.com\/wp-content\/uploads\/2025\/07\/SANTA-ROSA-DEL-CONLARA-13-1140x760.jpeg 1140w, https:\/\/vecinosdelinterior.com\/wp-content\/uploads\/2025\/07\/SANTA-ROSA-DEL-CONLARA-13.jpeg 1600w\" sizes=\"(max-width: 1024px) 100vw, 1024px\" \/><\/figure>\n\n\n\n<figure class=\"wp-block-image size-large\"><img decoding=\"async\" width=\"1024\" height=\"678\" data-id=\"4969\" src=\"https:\/\/vecinosdelinterior.com\/wp-content\/uploads\/2025\/07\/SANTA-ROSA-DEL-CONLARA-20-1024x678.jpeg\" alt=\"\" class=\"wp-image-4969\" srcset=\"https:\/\/vecinosdelinterior.com\/wp-content\/uploads\/2025\/07\/SANTA-ROSA-DEL-CONLARA-20-1024x678.jpeg 1024w, https:\/\/vecinosdelinterior.com\/wp-content\/uploads\/2025\/07\/SANTA-ROSA-DEL-CONLARA-20-300x199.jpeg 300w, https:\/\/vecinosdelinterior.com\/wp-content\/uploads\/2025\/07\/SANTA-ROSA-DEL-CONLARA-20-768x508.jpeg 768w, https:\/\/vecinosdelinterior.com\/wp-content\/uploads\/2025\/07\/SANTA-ROSA-DEL-CONLARA-20-1536x1017.jpeg 1536w, https:\/\/vecinosdelinterior.com\/wp-content\/uploads\/2025\/07\/SANTA-ROSA-DEL-CONLARA-20-750x496.jpeg 750w, https:\/\/vecinosdelinterior.com\/wp-content\/uploads\/2025\/07\/SANTA-ROSA-DEL-CONLARA-20-1140x755.jpeg 1140w, https:\/\/vecinosdelinterior.com\/wp-content\/uploads\/2025\/07\/SANTA-ROSA-DEL-CONLARA-20.jpeg 1600w\" sizes=\"(max-width: 1024px) 100vw, 1024px\" \/><\/figure>\n\n\n\n<figure class=\"wp-block-image size-large\"><img loading=\"lazy\" decoding=\"async\" width=\"1024\" height=\"577\" data-id=\"4968\" src=\"https:\/\/vecinosdelinterior.com\/wp-content\/uploads\/2025\/07\/SANTA-ROSA-DEL-CONLARA-1-1024x577.jpg\" alt=\"\" class=\"wp-image-4968\" srcset=\"https:\/\/vecinosdelinterior.com\/wp-content\/uploads\/2025\/07\/SANTA-ROSA-DEL-CONLARA-1-1024x577.jpg 1024w, https:\/\/vecinosdelinterior.com\/wp-content\/uploads\/2025\/07\/SANTA-ROSA-DEL-CONLARA-1-300x169.jpg 300w, https:\/\/vecinosdelinterior.com\/wp-content\/uploads\/2025\/07\/SANTA-ROSA-DEL-CONLARA-1-768x432.jpg 768w, https:\/\/vecinosdelinterior.com\/wp-content\/uploads\/2025\/07\/SANTA-ROSA-DEL-CONLARA-1-1536x865.jpg 1536w, https:\/\/vecinosdelinterior.com\/wp-content\/uploads\/2025\/07\/SANTA-ROSA-DEL-CONLARA-1-750x422.jpg 750w, https:\/\/vecinosdelinterior.com\/wp-content\/uploads\/2025\/07\/SANTA-ROSA-DEL-CONLARA-1-1140x642.jpg 1140w, https:\/\/vecinosdelinterior.com\/wp-content\/uploads\/2025\/07\/SANTA-ROSA-DEL-CONLARA-1.jpg 2000w\" sizes=\"(max-width: 1024px) 100vw, 1024px\" \/><\/figure>\n<\/figure>\n\n\n\n<p>En la actualidad, Santa Rosa del Conlara se proyecta como un destino tur\u00edstico en pleno crecimiento. Su cercan\u00eda con importantes puntos tur\u00edsticos como Merlo, y su conexi\u00f3n directa con la provincia de C\u00f3rdoba a trav\u00e9s de la ruta nacional 148, la posicionan como una parada obligada para quienes recorren el norte sanluise\u00f1o.<\/p>\n\n\n\n<p>El r\u00edo Conlara, con sus aguas claras y playas naturales, es ideal para disfrutar en verano; el parque recreativo municipal, el balneario y el camping brindan espacios para el descanso en familia. El Aeropuerto Internacional Valle del Conlara es de gran trascendencia en la regi\u00f3n, representando un potencial punto de desarrollo para el turismo.<\/p>\n\n\n\n<p>Las festividades patronales en honor a Santa Rosa de Lima, celebradas en agosto, convocan a cientos de fieles y turistas, combinando religiosidad, tradici\u00f3n y cultura popular. A su vez, la creciente oferta gastron\u00f3mica y de hospedaje se suma a la experiencia del visitante.<\/p>\n\n\n\n<p>Con el impulso de pol\u00edticas provinciales y municipales que buscan fomentar el turismo regional, Santa Rosa del Conlara se encamina a consolidarse como un destino de naturaleza, historia y hospitalidad, ideal para quienes buscan tranquilidad y conexi\u00f3n con los paisajes serranos de San Luis.<\/p>\n\n\n\n<p>En este nuevo aniversario, la ciudad no solo celebra su pasado, sino que mira al futuro con la mirada puesta en el horizonte de fortalecimiento de su infraestructura, la preservaci\u00f3n de su identidad y la apertura de nuevos caminos para el desarrollo tur\u00edstico sostenible.<\/p>\n","protected":false},"excerpt":{"rendered":"<p>VECINOSDELINTERIOR.COM \/ 08 DE JULIO Con una fuerte identidad cultural, el pueblo supo crecer a la vera del rio que le da su nombre, desarrollando una econom\u00eda basada inicialmente en la agricultura, la ganader\u00eda y el comercio. Ubicada en el noreste de la provincia, a orillas del r\u00edo Conlara, Santa Rosa es una de las [&hellip;]<\/p>\n","protected":false},"author":1,"featured_media":4968,"comment_status":"open","ping_status":"open","sticky":false,"template":"","format":"standard","meta":{"footnotes":""},"categories":[23,45],"tags":[175],"class_list":["post-4965","post","type-post","status-publish","format-standard","has-post-thumbnail","hentry","category-junin","category-santa-rosa-del-conlara","tag-turismo"],"_links":{"self":[{"href":"https:\/\/vecinosdelinterior.com\/index.php\/wp-json\/wp\/v2\/posts\/4965","targetHints":{"allow":["GET"]}}],"collection":[{"href":"https:\/\/vecinosdelinterior.com\/index.php\/wp-json\/wp\/v2\/posts"}],"about":[{"href":"https:\/\/vecinosdelinterior.com\/index.php\/wp-json\/wp\/v2\/types\/post"}],"author":[{"embeddable":true,"href":"https:\/\/vecinosdelinterior.com\/index.php\/wp-json\/wp\/v2\/users\/1"}],"replies":[{"embeddable":true,"href":"https:\/\/vecinosdelinterior.com\/index.php\/wp-json\/wp\/v2\/comments?post=4965"}],"version-history":[{"count":1,"href":"https:\/\/vecinosdelinterior.com\/index.php\/wp-json\/wp\/v2\/posts\/4965\/revisions"}],"predecessor-version":[{"id":4970,"href":"https:\/\/vecinosdelinterior.com\/index.php\/wp-json\/wp\/v2\/posts\/4965\/revisions\/4970"}],"wp:featuredmedia":[{"embeddable":true,"href":"https:\/\/vecinosdelinterior.com\/index.php\/wp-json\/wp\/v2\/media\/4968"}],"wp:attachment":[{"href":"https:\/\/vecinosdelinterior.com\/index.php\/wp-json\/wp\/v2\/media?parent=4965"}],"wp:term":[{"taxonomy":"category","embeddable":true,"href":"https:\/\/vecinosdelinterior.com\/index.php\/wp-json\/wp\/v2\/categories?post=4965"},{"taxonomy":"post_tag","embeddable":true,"href":"https:\/\/vecinosdelinterior.com\/index.php\/wp-json\/wp\/v2\/tags?post=4965"}],"curies":[{"name":"wp","href":"https:\/\/api.w.org\/{rel}","templated":true}]}}