{"id":4971,"date":"2025-07-08T22:11:09","date_gmt":"2025-07-09T01:11:09","guid":{"rendered":"https:\/\/vecinosdelinterior.com\/?p=4971"},"modified":"2025-07-08T22:11:10","modified_gmt":"2025-07-09T01:11:10","slug":"seis-personas-resultaron-heridas-tras-el-vuelco-de-un-vehiculo-en-la-autopista-saladillo","status":"publish","type":"post","link":"https:\/\/vecinosdelinterior.com\/index.php\/2025\/07\/08\/seis-personas-resultaron-heridas-tras-el-vuelco-de-un-vehiculo-en-la-autopista-saladillo\/","title":{"rendered":"Seis personas resultaron heridas tras el vuelco de un veh\u00edculo en la Autopista Saladillo"},"content":{"rendered":"\n<p><\/p>\n\n\n\n<p>Desde la Direcci\u00f3n General de Bomberos de la Polic\u00eda informaron que este martes, alrededor de las 12:00, se produjo un accidente de tr\u00e1nsito en la Autopista Saladillo, a la altura del kil\u00f3metro 63, a unos 5 kil\u00f3metros del peaje de La Toma.<br>Bomberos Voluntarios de Santa Rosa del Conlara intervinieron en primera instancia.<br>El siniestro vial involucr\u00f3 a un autom\u00f3vil Chevrolet Spin que circulaba de norte a sur y termin\u00f3 volcado.<br>En el rodado viajaban un hombre y una mujer, ambos de 45 a\u00f1os, junto a sus cuatro hijos menores de edad (un ni\u00f1o de 13 a\u00f1os, una ni\u00f1a de 11 a\u00f1os, una ni\u00f1a de 8 a\u00f1os y un ni\u00f1o tambi\u00e9n de 8 a\u00f1os), todos domiciliados en la provincia de C\u00f3rdoba.<br>De acuerdo a las averiguaciones, la familia se dirig\u00eda desde esa provincia hacia la provincia de Mendoza.<br>Seg\u00fan el testimonio del conductor (el hombre de 45 a\u00f1os), el accidente se produjo cuando el veh\u00edculo mordi\u00f3 la banquina izquierda, lo que ocasion\u00f3 la p\u00e9rdida de control y dos tumbos antes de quedar detenido en la banquina derecha.<br>Personal del hospital de La Toma asisti\u00f3 a los seis integrantes de la familia, quienes presentaban lesiones de car\u00e1cter leve, seg\u00fan los informes. Posteriormente fueron trasladados en ambulancia al hospital de esa localidad para una atenci\u00f3n m\u00e9dica m\u00e1s compleja.<br>Efectivos de Bomberos procedieron a asegurar el veh\u00edculo, realizando el corte del suministro el\u00e9ctrico y cerrando la v\u00e1lvula del tubo de GNC. Tambi\u00e9n colaboraron polic\u00edas de la Comisar\u00eda Distrito 16\u00b0 de La Toma.<\/p>\n","protected":false},"excerpt":{"rendered":"<p>Desde la Direcci\u00f3n General de Bomberos de la Polic\u00eda informaron que este martes, alrededor de las 12:00, se produjo un accidente de tr\u00e1nsito en la Autopista Saladillo, a la altura del kil\u00f3metro 63, a unos 5 kil\u00f3metros del peaje de La Toma.Bomberos Voluntarios de Santa Rosa del Conlara intervinieron en primera instancia.El siniestro vial involucr\u00f3 [&hellip;]<\/p>\n","protected":false},"author":1,"featured_media":4972,"comment_status":"open","ping_status":"open","sticky":false,"template":"","format":"standard","meta":{"footnotes":""},"categories":[374],"tags":[],"class_list":["post-4971","post","type-post","status-publish","format-standard","has-post-thumbnail","hentry","category-saladillo"],"_links":{"self":[{"href":"https:\/\/vecinosdelinterior.com\/index.php\/wp-json\/wp\/v2\/posts\/4971","targetHints":{"allow":["GET"]}}],"collection":[{"href":"https:\/\/vecinosdelinterior.com\/index.php\/wp-json\/wp\/v2\/posts"}],"about":[{"href":"https:\/\/vecinosdelinterior.com\/index.php\/wp-json\/wp\/v2\/types\/post"}],"author":[{"embeddable":true,"href":"https:\/\/vecinosdelinterior.com\/index.php\/wp-json\/wp\/v2\/users\/1"}],"replies":[{"embeddable":true,"href":"https:\/\/vecinosdelinterior.com\/index.php\/wp-json\/wp\/v2\/comments?post=4971"}],"version-history":[{"count":1,"href":"https:\/\/vecinosdelinterior.com\/index.php\/wp-json\/wp\/v2\/posts\/4971\/revisions"}],"predecessor-version":[{"id":4973,"href":"https:\/\/vecinosdelinterior.com\/index.php\/wp-json\/wp\/v2\/posts\/4971\/revisions\/4973"}],"wp:featuredmedia":[{"embeddable":true,"href":"https:\/\/vecinosdelinterior.com\/index.php\/wp-json\/wp\/v2\/media\/4972"}],"wp:attachment":[{"href":"https:\/\/vecinosdelinterior.com\/index.php\/wp-json\/wp\/v2\/media?parent=4971"}],"wp:term":[{"taxonomy":"category","embeddable":true,"href":"https:\/\/vecinosdelinterior.com\/index.php\/wp-json\/wp\/v2\/categories?post=4971"},{"taxonomy":"post_tag","embeddable":true,"href":"https:\/\/vecinosdelinterior.com\/index.php\/wp-json\/wp\/v2\/tags?post=4971"}],"curies":[{"name":"wp","href":"https:\/\/api.w.org\/{rel}","templated":true}]}}