{"id":4978,"date":"2025-07-10T11:47:56","date_gmt":"2025-07-10T14:47:56","guid":{"rendered":"https:\/\/vecinosdelinterior.com\/?p=4978"},"modified":"2025-07-10T11:47:57","modified_gmt":"2025-07-10T14:47:57","slug":"bomberos-de-san-francisco-rescataron-un-carancho-que-tenia-un-ala-enredada-con-hilos","status":"publish","type":"post","link":"https:\/\/vecinosdelinterior.com\/index.php\/2025\/07\/10\/bomberos-de-san-francisco-rescataron-un-carancho-que-tenia-un-ala-enredada-con-hilos\/","title":{"rendered":"Bomberos de San Francisco rescataron un carancho que ten+ia un ala enredada con hilos"},"content":{"rendered":"\n<p>VECINOSDELINTERIOR.COM \/ 10 DE JULIO<\/p>\n\n\n\n<p>La publicaci\u00f3n de agradecimiento por parte del personal de la Casa Museo Rosenda Quiroga de dicha localidad, muestra el momento en el que intervienen bomberos en el rescate de la ave de rapi\u00f1a que no pod\u00eda volar por tener una de sus alas enredada con hilos.<\/p>\n\n\n\n<p>El carancho, logr\u00f3 ser liberado luego de que cuidadosamente se le quitaran los cordones que entorpec\u00edan su normal movimiento.<\/p>\n\n\n\n<figure class=\"wp-block-gallery has-nested-images columns-default is-cropped wp-block-gallery-1 is-layout-flex wp-block-gallery-is-layout-flex\">\n<figure class=\"wp-block-image size-large\"><img fetchpriority=\"high\" decoding=\"async\" width=\"752\" height=\"1020\" data-id=\"4981\" src=\"https:\/\/vecinosdelinterior.com\/wp-content\/uploads\/2025\/07\/518306340_1165266882287330_7106197734647023796_n.jpg\" alt=\"\" class=\"wp-image-4981\" srcset=\"https:\/\/vecinosdelinterior.com\/wp-content\/uploads\/2025\/07\/518306340_1165266882287330_7106197734647023796_n.jpg 752w, https:\/\/vecinosdelinterior.com\/wp-content\/uploads\/2025\/07\/518306340_1165266882287330_7106197734647023796_n-221x300.jpg 221w, https:\/\/vecinosdelinterior.com\/wp-content\/uploads\/2025\/07\/518306340_1165266882287330_7106197734647023796_n-750x1017.jpg 750w\" sizes=\"(max-width: 752px) 100vw, 752px\" \/><\/figure>\n\n\n\n<figure class=\"wp-block-image size-large\"><img decoding=\"async\" width=\"752\" height=\"1020\" data-id=\"4979\" src=\"https:\/\/vecinosdelinterior.com\/wp-content\/uploads\/2025\/07\/517760035_1165267012287317_8752686108973742473_n.jpg\" alt=\"\" class=\"wp-image-4979\" srcset=\"https:\/\/vecinosdelinterior.com\/wp-content\/uploads\/2025\/07\/517760035_1165267012287317_8752686108973742473_n.jpg 752w, https:\/\/vecinosdelinterior.com\/wp-content\/uploads\/2025\/07\/517760035_1165267012287317_8752686108973742473_n-221x300.jpg 221w, https:\/\/vecinosdelinterior.com\/wp-content\/uploads\/2025\/07\/517760035_1165267012287317_8752686108973742473_n-750x1017.jpg 750w\" sizes=\"(max-width: 752px) 100vw, 752px\" \/><\/figure>\n\n\n\n<figure class=\"wp-block-image size-large\"><img decoding=\"async\" width=\"752\" height=\"1020\" data-id=\"4980\" src=\"https:\/\/vecinosdelinterior.com\/wp-content\/uploads\/2025\/07\/518333131_1165266968953988_661897719975610841_n.jpg\" alt=\"\" class=\"wp-image-4980\" srcset=\"https:\/\/vecinosdelinterior.com\/wp-content\/uploads\/2025\/07\/518333131_1165266968953988_661897719975610841_n.jpg 752w, https:\/\/vecinosdelinterior.com\/wp-content\/uploads\/2025\/07\/518333131_1165266968953988_661897719975610841_n-221x300.jpg 221w, https:\/\/vecinosdelinterior.com\/wp-content\/uploads\/2025\/07\/518333131_1165266968953988_661897719975610841_n-750x1017.jpg 750w\" sizes=\"(max-width: 752px) 100vw, 752px\" \/><\/figure>\n<\/figure>\n","protected":false},"excerpt":{"rendered":"<p>VECINOSDELINTERIOR.COM \/ 10 DE JULIO La publicaci\u00f3n de agradecimiento por parte del personal de la Casa Museo Rosenda Quiroga de dicha localidad, muestra el momento en el que intervienen bomberos en el rescate de la ave de rapi\u00f1a que no pod\u00eda volar por tener una de sus alas enredada con hilos. El carancho, logr\u00f3 ser [&hellip;]<\/p>\n","protected":false},"author":1,"featured_media":4979,"comment_status":"open","ping_status":"open","sticky":false,"template":"","format":"standard","meta":{"footnotes":""},"categories":[8,9],"tags":[176],"class_list":["post-4978","post","type-post","status-publish","format-standard","has-post-thumbnail","hentry","category-ayacucho","category-san-francisco","tag-medioambiente"],"_links":{"self":[{"href":"https:\/\/vecinosdelinterior.com\/index.php\/wp-json\/wp\/v2\/posts\/4978","targetHints":{"allow":["GET"]}}],"collection":[{"href":"https:\/\/vecinosdelinterior.com\/index.php\/wp-json\/wp\/v2\/posts"}],"about":[{"href":"https:\/\/vecinosdelinterior.com\/index.php\/wp-json\/wp\/v2\/types\/post"}],"author":[{"embeddable":true,"href":"https:\/\/vecinosdelinterior.com\/index.php\/wp-json\/wp\/v2\/users\/1"}],"replies":[{"embeddable":true,"href":"https:\/\/vecinosdelinterior.com\/index.php\/wp-json\/wp\/v2\/comments?post=4978"}],"version-history":[{"count":1,"href":"https:\/\/vecinosdelinterior.com\/index.php\/wp-json\/wp\/v2\/posts\/4978\/revisions"}],"predecessor-version":[{"id":4982,"href":"https:\/\/vecinosdelinterior.com\/index.php\/wp-json\/wp\/v2\/posts\/4978\/revisions\/4982"}],"wp:featuredmedia":[{"embeddable":true,"href":"https:\/\/vecinosdelinterior.com\/index.php\/wp-json\/wp\/v2\/media\/4979"}],"wp:attachment":[{"href":"https:\/\/vecinosdelinterior.com\/index.php\/wp-json\/wp\/v2\/media?parent=4978"}],"wp:term":[{"taxonomy":"category","embeddable":true,"href":"https:\/\/vecinosdelinterior.com\/index.php\/wp-json\/wp\/v2\/categories?post=4978"},{"taxonomy":"post_tag","embeddable":true,"href":"https:\/\/vecinosdelinterior.com\/index.php\/wp-json\/wp\/v2\/tags?post=4978"}],"curies":[{"name":"wp","href":"https:\/\/api.w.org\/{rel}","templated":true}]}}