{"id":4991,"date":"2025-07-12T20:18:00","date_gmt":"2025-07-12T23:18:00","guid":{"rendered":"https:\/\/vecinosdelinterior.com\/?p=4991"},"modified":"2025-07-13T20:20:18","modified_gmt":"2025-07-13T23:20:18","slug":"accidente-en-ruta-147-un-vehiculo-impacto-contra-un-caballo-durante-la-madrugada","status":"publish","type":"post","link":"https:\/\/vecinosdelinterior.com\/index.php\/2025\/07\/12\/accidente-en-ruta-147-un-vehiculo-impacto-contra-un-caballo-durante-la-madrugada\/","title":{"rendered":"Accidente en Ruta 147: un veh\u00edculo impact\u00f3 contra un caballo durante la madrugada"},"content":{"rendered":"\n<p>VECINOSDELINTERIOR.COM \/ 12 DE JULIO<br>En la madrugada de este s\u00e1bado, alrededor de las 03:35 horas, se registr\u00f3 un accidente de tr\u00e1nsito en jurisdicci\u00f3n de la Subcomisar\u00eda 5\u00aa de La Calera, a la altura del kil\u00f3metro 917 de la Ruta Nacional N\u00b0 147. El siniestro involucr\u00f3 a un autom\u00f3vil y un equino.<br>Tras una alerta recibida en el Puesto Lim\u00edtrofe N\u00b03 \u201cLa Tranca\u201d, efectivos policiales se trasladaron al lugar y constataron la presencia de un veh\u00edculo Volkswagen Vento con importantes da\u00f1os en su parte frontal, detenido sobre la banquina en sentido sur-norte. En la banquina contraria se hallaba el cuerpo sin vida de un caballo, sin marcas visibles.<br>Una ambulancia acudi\u00f3 al lugar del hecho y confirm\u00f3 que no hab\u00eda personas dentro del rodado. M\u00e1s tarde, los ocupantes del veh\u00edculo fueron localizados en el puesto lim\u00edtrofe, en buen estado de salud. Se trata de dos ciudadanos oriundos de la provincia de Buenos Aires, quienes explicaron que, debido a la escasa visibilidad provocada por la neblina, no lograron evitar al animal que cruz\u00f3 repentinamente la ruta.<br>Ambos ocupantes resultaron ilesos y declinaron recibir atenci\u00f3n m\u00e9dica.<\/p>\n","protected":false},"excerpt":{"rendered":"<p>VECINOSDELINTERIOR.COM \/ 12 DE JULIOEn la madrugada de este s\u00e1bado, alrededor de las 03:35 horas, se registr\u00f3 un accidente de tr\u00e1nsito en jurisdicci\u00f3n de la Subcomisar\u00eda 5\u00aa de La Calera, a la altura del kil\u00f3metro 917 de la Ruta Nacional N\u00b0 147. El siniestro involucr\u00f3 a un autom\u00f3vil y un equino.Tras una alerta recibida en [&hellip;]<\/p>\n","protected":false},"author":1,"featured_media":4992,"comment_status":"open","ping_status":"open","sticky":false,"template":"","format":"standard","meta":{"footnotes":""},"categories":[92,294],"tags":[213],"class_list":["post-4991","post","type-post","status-publish","format-standard","has-post-thumbnail","hentry","category-belgrano","category-la-calera","tag-policial"],"_links":{"self":[{"href":"https:\/\/vecinosdelinterior.com\/index.php\/wp-json\/wp\/v2\/posts\/4991","targetHints":{"allow":["GET"]}}],"collection":[{"href":"https:\/\/vecinosdelinterior.com\/index.php\/wp-json\/wp\/v2\/posts"}],"about":[{"href":"https:\/\/vecinosdelinterior.com\/index.php\/wp-json\/wp\/v2\/types\/post"}],"author":[{"embeddable":true,"href":"https:\/\/vecinosdelinterior.com\/index.php\/wp-json\/wp\/v2\/users\/1"}],"replies":[{"embeddable":true,"href":"https:\/\/vecinosdelinterior.com\/index.php\/wp-json\/wp\/v2\/comments?post=4991"}],"version-history":[{"count":1,"href":"https:\/\/vecinosdelinterior.com\/index.php\/wp-json\/wp\/v2\/posts\/4991\/revisions"}],"predecessor-version":[{"id":4993,"href":"https:\/\/vecinosdelinterior.com\/index.php\/wp-json\/wp\/v2\/posts\/4991\/revisions\/4993"}],"wp:featuredmedia":[{"embeddable":true,"href":"https:\/\/vecinosdelinterior.com\/index.php\/wp-json\/wp\/v2\/media\/4992"}],"wp:attachment":[{"href":"https:\/\/vecinosdelinterior.com\/index.php\/wp-json\/wp\/v2\/media?parent=4991"}],"wp:term":[{"taxonomy":"category","embeddable":true,"href":"https:\/\/vecinosdelinterior.com\/index.php\/wp-json\/wp\/v2\/categories?post=4991"},{"taxonomy":"post_tag","embeddable":true,"href":"https:\/\/vecinosdelinterior.com\/index.php\/wp-json\/wp\/v2\/tags?post=4991"}],"curies":[{"name":"wp","href":"https:\/\/api.w.org\/{rel}","templated":true}]}}