{"id":4997,"date":"2025-07-11T20:22:00","date_gmt":"2025-07-11T23:22:00","guid":{"rendered":"https:\/\/vecinosdelinterior.com\/?p=4997"},"modified":"2025-07-13T20:23:17","modified_gmt":"2025-07-13T23:23:17","slug":"villa-de-merlo-un-hombre-sufrio-una-fractura-tras-un-choque-entre-una-motocicleta-y-un-automovil","status":"publish","type":"post","link":"https:\/\/vecinosdelinterior.com\/index.php\/2025\/07\/11\/villa-de-merlo-un-hombre-sufrio-una-fractura-tras-un-choque-entre-una-motocicleta-y-un-automovil\/","title":{"rendered":"Villa de Merlo: un hombre sufri\u00f3 una fractura tras un choque entre una motocicleta y un autom\u00f3vil"},"content":{"rendered":"\n<p>VECINOSDELINTERIOR.COM \/ 11 DE JULIO<br>Este viernes, un hombre de 26 a\u00f1os result\u00f3 herido tras protagonizar un accidente de tr\u00e1nsito en la intersecci\u00f3n de la ruta provincial 1 y calle San Isidro, en Villa de Merlo.<br>El hecho ocurri\u00f3 alrededor de las 10:30, cuando por razones que a\u00fan se investigan se produjo una colisi\u00f3n entre una motocicleta Motomel 110cc, conducida por un hombre de 26 a\u00f1os, y un autom\u00f3vil Ford Fiesta, conducido por un hombre de 57 a\u00f1os.<br>Seg\u00fan lo informado por el conductor del auto, el siniestro se produjo cuando circulaba por ruta provincial 1 en sentido norte\u2013sur y, al intentar girar hacia calle San Isidro con la luz de giro activada, fue impactado en la parte trasera por la motocicleta.<br>Producto del choque, el conductor de la motocicleta result\u00f3 con distintos golpes y fue asistido en el lugar por personal del salud del Sempro. Posteriormente fue trasladado hacia el Hospital \u201cMadre Catalina Rodr\u00edguez\u201d, donde se le diagnostic\u00f3 una fractura en el tobillo izquierdo.<br>En el lugar trabaj\u00f3 personal de Bomberos Voluntarios de Villa de Merlo, y efectivos de la Comisar\u00eda Seccional 42\u00b0, del Comando Radioel\u00e9ctrico y de Polic\u00eda Cient\u00edfica, quienes realizaron las pericias correspondientes.<br>La causa fue caratulada como \u201cAveriguaci\u00f3n esiones culposas en accidente de tr\u00e1nsito\u201d, y tom\u00f3 intervenci\u00f3n de la Unidad de Abordaje Fiscal de la Tercera Circunscripci\u00f3n Judicial.<\/p>\n","protected":false},"excerpt":{"rendered":"<p>VECINOSDELINTERIOR.COM \/ 11 DE JULIOEste viernes, un hombre de 26 a\u00f1os result\u00f3 herido tras protagonizar un accidente de tr\u00e1nsito en la intersecci\u00f3n de la ruta provincial 1 y calle San Isidro, en Villa de Merlo.El hecho ocurri\u00f3 alrededor de las 10:30, cuando por razones que a\u00fan se investigan se produjo una colisi\u00f3n entre una motocicleta [&hellip;]<\/p>\n","protected":false},"author":1,"featured_media":4998,"comment_status":"open","ping_status":"open","sticky":false,"template":"","format":"standard","meta":{"footnotes":""},"categories":[23,73],"tags":[213],"class_list":["post-4997","post","type-post","status-publish","format-standard","has-post-thumbnail","hentry","category-junin","category-merlo","tag-policial"],"_links":{"self":[{"href":"https:\/\/vecinosdelinterior.com\/index.php\/wp-json\/wp\/v2\/posts\/4997","targetHints":{"allow":["GET"]}}],"collection":[{"href":"https:\/\/vecinosdelinterior.com\/index.php\/wp-json\/wp\/v2\/posts"}],"about":[{"href":"https:\/\/vecinosdelinterior.com\/index.php\/wp-json\/wp\/v2\/types\/post"}],"author":[{"embeddable":true,"href":"https:\/\/vecinosdelinterior.com\/index.php\/wp-json\/wp\/v2\/users\/1"}],"replies":[{"embeddable":true,"href":"https:\/\/vecinosdelinterior.com\/index.php\/wp-json\/wp\/v2\/comments?post=4997"}],"version-history":[{"count":1,"href":"https:\/\/vecinosdelinterior.com\/index.php\/wp-json\/wp\/v2\/posts\/4997\/revisions"}],"predecessor-version":[{"id":4999,"href":"https:\/\/vecinosdelinterior.com\/index.php\/wp-json\/wp\/v2\/posts\/4997\/revisions\/4999"}],"wp:featuredmedia":[{"embeddable":true,"href":"https:\/\/vecinosdelinterior.com\/index.php\/wp-json\/wp\/v2\/media\/4998"}],"wp:attachment":[{"href":"https:\/\/vecinosdelinterior.com\/index.php\/wp-json\/wp\/v2\/media?parent=4997"}],"wp:term":[{"taxonomy":"category","embeddable":true,"href":"https:\/\/vecinosdelinterior.com\/index.php\/wp-json\/wp\/v2\/categories?post=4997"},{"taxonomy":"post_tag","embeddable":true,"href":"https:\/\/vecinosdelinterior.com\/index.php\/wp-json\/wp\/v2\/tags?post=4997"}],"curies":[{"name":"wp","href":"https:\/\/api.w.org\/{rel}","templated":true}]}}