{"id":5009,"date":"2025-07-15T12:07:24","date_gmt":"2025-07-15T15:07:24","guid":{"rendered":"https:\/\/vecinosdelinterior.com\/?p=5009"},"modified":"2025-07-15T12:07:25","modified_gmt":"2025-07-15T15:07:25","slug":"la-upro-abrio-las-preinscripciones-2026-en-sus-11-sedes-de-la-provincia","status":"publish","type":"post","link":"https:\/\/vecinosdelinterior.com\/index.php\/2025\/07\/15\/la-upro-abrio-las-preinscripciones-2026-en-sus-11-sedes-de-la-provincia\/","title":{"rendered":"La UPrO abri\u00f3 las preinscripciones 2026 en sus 11 sedes de la provincia"},"content":{"rendered":"\n<p>VECINOSDELINTERIOR.COM \/ 15 DE JULIO<br>La oferta acad\u00e9mica incluye 39 carreras, entre diplomaturas y tecnicaturas. Las inscripciones ser\u00e1n online y estar\u00e1n habilitadas hasta el 26 de septiembre.<br>La Universidad Provincial de Oficios (UPrO) abri\u00f3 las preinscripciones para el ciclo lectivo 2026, destinadas a sus 11 sedes distribuidas en toda la provincia: Villa Mercedes, San Luis, Merlo, Buena Esperanza, Tilisarao, La Calera, San Mart\u00edn, Candelaria y Quines.<br>La oferta acad\u00e9mica incluye 39 carreras, entre diplomaturas (de un a\u00f1o de duraci\u00f3n) y tecnicaturas (de dos a\u00f1os), dise\u00f1adas seg\u00fan las necesidades del sector productivo de cada localidad y orientadas a la formaci\u00f3n pr\u00e1ctica y la salida laboral.<br>La preinscripci\u00f3n es 100% online y estar\u00e1 habilitada hasta el 26 de septiembre. El formulario est\u00e1 disponible a trav\u00e9s de este link.<br>Una caracter\u00edstica distintiva de la gesti\u00f3n institucional es que el sistema permite a los aspirantes seleccionar el horario de cursada del Curso de Nivelaci\u00f3n \u2014que se dictar\u00e1 en la segunda mitad del 2025\u2014 y, adem\u00e1s, elegir el horario de cursada de la carrera con ocho meses de anticipaci\u00f3n, facilitando la organizaci\u00f3n personal, laboral y acad\u00e9mica de cada estudiante.<br>Se deber\u00e1 presentar la siguiente documentaci\u00f3n del 28 de julio al 3 de octubre de manera presencial en las sedes correspondientes:<br>\u2013 Documento Nacional de Identidad (DNI).<br>\u2013 Constancia de finalizaci\u00f3n de estudios secundarios o certificado anal\u00edtico.<br>\u2013 Declaraci\u00f3n jurada obligatoria.<br>La UPrO sigue apostando a la formaci\u00f3n gratuita, t\u00e9cnica y orientada al mundo del trabajo, ofreciendo oportunidades de capacitaci\u00f3n en toda la provincia.<br>Para conocer la oferta acad\u00e9mica y las novedades, tambi\u00e9n se puede acceder a las redes oficiales de Instagram y Facebook.<\/p>\n","protected":false},"excerpt":{"rendered":"<p>VECINOSDELINTERIOR.COM \/ 15 DE JULIOLa oferta acad\u00e9mica incluye 39 carreras, entre diplomaturas y tecnicaturas. Las inscripciones ser\u00e1n online y estar\u00e1n habilitadas hasta el 26 de septiembre.La Universidad Provincial de Oficios (UPrO) abri\u00f3 las preinscripciones para el ciclo lectivo 2026, destinadas a sus 11 sedes distribuidas en toda la provincia: Villa Mercedes, San Luis, Merlo, Buena [&hellip;]<\/p>\n","protected":false},"author":1,"featured_media":5010,"comment_status":"open","ping_status":"open","sticky":false,"template":"","format":"standard","meta":{"footnotes":""},"categories":[80],"tags":[],"class_list":["post-5009","post","type-post","status-publish","format-standard","has-post-thumbnail","hentry","category-general"],"_links":{"self":[{"href":"https:\/\/vecinosdelinterior.com\/index.php\/wp-json\/wp\/v2\/posts\/5009","targetHints":{"allow":["GET"]}}],"collection":[{"href":"https:\/\/vecinosdelinterior.com\/index.php\/wp-json\/wp\/v2\/posts"}],"about":[{"href":"https:\/\/vecinosdelinterior.com\/index.php\/wp-json\/wp\/v2\/types\/post"}],"author":[{"embeddable":true,"href":"https:\/\/vecinosdelinterior.com\/index.php\/wp-json\/wp\/v2\/users\/1"}],"replies":[{"embeddable":true,"href":"https:\/\/vecinosdelinterior.com\/index.php\/wp-json\/wp\/v2\/comments?post=5009"}],"version-history":[{"count":1,"href":"https:\/\/vecinosdelinterior.com\/index.php\/wp-json\/wp\/v2\/posts\/5009\/revisions"}],"predecessor-version":[{"id":5011,"href":"https:\/\/vecinosdelinterior.com\/index.php\/wp-json\/wp\/v2\/posts\/5009\/revisions\/5011"}],"wp:featuredmedia":[{"embeddable":true,"href":"https:\/\/vecinosdelinterior.com\/index.php\/wp-json\/wp\/v2\/media\/5010"}],"wp:attachment":[{"href":"https:\/\/vecinosdelinterior.com\/index.php\/wp-json\/wp\/v2\/media?parent=5009"}],"wp:term":[{"taxonomy":"category","embeddable":true,"href":"https:\/\/vecinosdelinterior.com\/index.php\/wp-json\/wp\/v2\/categories?post=5009"},{"taxonomy":"post_tag","embeddable":true,"href":"https:\/\/vecinosdelinterior.com\/index.php\/wp-json\/wp\/v2\/tags?post=5009"}],"curies":[{"name":"wp","href":"https:\/\/api.w.org\/{rel}","templated":true}]}}