{"id":5012,"date":"2025-07-15T12:08:15","date_gmt":"2025-07-15T15:08:15","guid":{"rendered":"https:\/\/vecinosdelinterior.com\/?p=5012"},"modified":"2025-07-15T12:08:15","modified_gmt":"2025-07-15T15:08:15","slug":"vientos-y-frio-asoman-nuevamente","status":"publish","type":"post","link":"https:\/\/vecinosdelinterior.com\/index.php\/2025\/07\/15\/vientos-y-frio-asoman-nuevamente\/","title":{"rendered":"Vientos y fr\u00edo asoman nuevamente"},"content":{"rendered":"\n<p>VECINOSDELINTERIOR.COM \/ 15 DE JULIO<br>Seg\u00fan un alerta emitido por la Red de Estaciones Meteorol\u00f3gicas de la provincia, se espera desde la segunda parte del martes 15, la rotaci\u00f3n del viento hacia el sector sureste con r\u00e1fagas muy fuertes en la mitad norte provincial.<br>Esto ocasionar\u00e1 probabilidad de precipitaciones de variada intensidad (posible ca\u00edda de nieve y agua nieve en zona serrana) hasta la madrugada del mi\u00e9rcoles 16 y un marcado descenso de temperaturas hasta el amanecer del jueves 17 con heladas generalizadas<\/p>\n","protected":false},"excerpt":{"rendered":"<p>VECINOSDELINTERIOR.COM \/ 15 DE JULIOSeg\u00fan un alerta emitido por la Red de Estaciones Meteorol\u00f3gicas de la provincia, se espera desde la segunda parte del martes 15, la rotaci\u00f3n del viento hacia el sector sureste con r\u00e1fagas muy fuertes en la mitad norte provincial.Esto ocasionar\u00e1 probabilidad de precipitaciones de variada intensidad (posible ca\u00edda de nieve y [&hellip;]<\/p>\n","protected":false},"author":1,"featured_media":5013,"comment_status":"open","ping_status":"open","sticky":false,"template":"","format":"standard","meta":{"footnotes":""},"categories":[80],"tags":[],"class_list":["post-5012","post","type-post","status-publish","format-standard","has-post-thumbnail","hentry","category-general"],"_links":{"self":[{"href":"https:\/\/vecinosdelinterior.com\/index.php\/wp-json\/wp\/v2\/posts\/5012","targetHints":{"allow":["GET"]}}],"collection":[{"href":"https:\/\/vecinosdelinterior.com\/index.php\/wp-json\/wp\/v2\/posts"}],"about":[{"href":"https:\/\/vecinosdelinterior.com\/index.php\/wp-json\/wp\/v2\/types\/post"}],"author":[{"embeddable":true,"href":"https:\/\/vecinosdelinterior.com\/index.php\/wp-json\/wp\/v2\/users\/1"}],"replies":[{"embeddable":true,"href":"https:\/\/vecinosdelinterior.com\/index.php\/wp-json\/wp\/v2\/comments?post=5012"}],"version-history":[{"count":1,"href":"https:\/\/vecinosdelinterior.com\/index.php\/wp-json\/wp\/v2\/posts\/5012\/revisions"}],"predecessor-version":[{"id":5014,"href":"https:\/\/vecinosdelinterior.com\/index.php\/wp-json\/wp\/v2\/posts\/5012\/revisions\/5014"}],"wp:featuredmedia":[{"embeddable":true,"href":"https:\/\/vecinosdelinterior.com\/index.php\/wp-json\/wp\/v2\/media\/5013"}],"wp:attachment":[{"href":"https:\/\/vecinosdelinterior.com\/index.php\/wp-json\/wp\/v2\/media?parent=5012"}],"wp:term":[{"taxonomy":"category","embeddable":true,"href":"https:\/\/vecinosdelinterior.com\/index.php\/wp-json\/wp\/v2\/categories?post=5012"},{"taxonomy":"post_tag","embeddable":true,"href":"https:\/\/vecinosdelinterior.com\/index.php\/wp-json\/wp\/v2\/tags?post=5012"}],"curies":[{"name":"wp","href":"https:\/\/api.w.org\/{rel}","templated":true}]}}