{"id":5018,"date":"2025-07-17T13:55:36","date_gmt":"2025-07-17T16:55:36","guid":{"rendered":"https:\/\/vecinosdelinterior.com\/?p=5018"},"modified":"2025-07-17T13:56:02","modified_gmt":"2025-07-17T16:56:02","slug":"la-calera-sofocaron-un-incendio-de-una-vivienda-que-se-origino-en-la-cocina-de-la-misma","status":"publish","type":"post","link":"https:\/\/vecinosdelinterior.com\/index.php\/2025\/07\/17\/la-calera-sofocaron-un-incendio-de-una-vivienda-que-se-origino-en-la-cocina-de-la-misma\/","title":{"rendered":"La Calera: sofocaron un incendio de una vivienda que se origin\u00f3 en la cocina de la misma."},"content":{"rendered":"\n<p>VECINOSDELINTERIOR.COM \/ 17 DE JULIO<br>Este jueves por la ma\u00f1ana, alrededor de las 7:45, efectivos de la Subcomisar\u00eda 5\u00b0 de La Calera fueron alertados sobre un incendio en el interior de una vivienda ubicada en calle Los Venados de esa localidad del departamento Belgrano.<br>Los uniformados se dirigieron inmediatamente hacia ese sitio, donde constataron el hecho. En ese sentido, los polic\u00edas cortaron el suministro el\u00e9ctrico y, con la colaboraci\u00f3n de vecinos y uno de los residentes de la vivienda (un hombre de 25 a\u00f1os), sofocaron el incendio que se hab\u00eda originado en el sector de la cocina de la casa, utilizando matafuegos para dicha tarea. Adem\u00e1s de los da\u00f1os materiales, se constat\u00f3 que gran parte de la instalaci\u00f3n el\u00e9ctrica se vio afectada a ra\u00edz del siniestro.<\/p>\n\n\n\n<figure class=\"wp-block-gallery has-nested-images columns-default is-cropped wp-block-gallery-1 is-layout-flex wp-block-gallery-is-layout-flex\">\n<figure class=\"wp-block-image\"><img fetchpriority=\"high\" decoding=\"async\" width=\"1200\" height=\"1105\" data-id=\"5021\" src=\"https:\/\/vecinosdelinterior.com\/wp-content\/uploads\/2025\/07\/WhatsApp-Image-2025-07-17-at-1.42.45-PM.jpeg\" alt=\"\" class=\"wp-image-5021\" srcset=\"https:\/\/vecinosdelinterior.com\/wp-content\/uploads\/2025\/07\/WhatsApp-Image-2025-07-17-at-1.42.45-PM.jpeg 1200w, https:\/\/vecinosdelinterior.com\/wp-content\/uploads\/2025\/07\/WhatsApp-Image-2025-07-17-at-1.42.45-PM-300x276.jpeg 300w, https:\/\/vecinosdelinterior.com\/wp-content\/uploads\/2025\/07\/WhatsApp-Image-2025-07-17-at-1.42.45-PM-1024x943.jpeg 1024w, https:\/\/vecinosdelinterior.com\/wp-content\/uploads\/2025\/07\/WhatsApp-Image-2025-07-17-at-1.42.45-PM-768x707.jpeg 768w, https:\/\/vecinosdelinterior.com\/wp-content\/uploads\/2025\/07\/WhatsApp-Image-2025-07-17-at-1.42.45-PM-750x691.jpeg 750w, https:\/\/vecinosdelinterior.com\/wp-content\/uploads\/2025\/07\/WhatsApp-Image-2025-07-17-at-1.42.45-PM-1140x1050.jpeg 1140w\" sizes=\"(max-width: 1200px) 100vw, 1200px\" \/><\/figure>\n\n\n\n<figure class=\"wp-block-image\"><img decoding=\"async\" width=\"1200\" height=\"1165\" data-id=\"5020\" src=\"https:\/\/vecinosdelinterior.com\/wp-content\/uploads\/2025\/07\/WhatsApp-Image-2025-07-17-at-1.42.46-PM.jpeg\" alt=\"\" class=\"wp-image-5020\" srcset=\"https:\/\/vecinosdelinterior.com\/wp-content\/uploads\/2025\/07\/WhatsApp-Image-2025-07-17-at-1.42.46-PM.jpeg 1200w, https:\/\/vecinosdelinterior.com\/wp-content\/uploads\/2025\/07\/WhatsApp-Image-2025-07-17-at-1.42.46-PM-300x291.jpeg 300w, https:\/\/vecinosdelinterior.com\/wp-content\/uploads\/2025\/07\/WhatsApp-Image-2025-07-17-at-1.42.46-PM-1024x994.jpeg 1024w, https:\/\/vecinosdelinterior.com\/wp-content\/uploads\/2025\/07\/WhatsApp-Image-2025-07-17-at-1.42.46-PM-768x746.jpeg 768w, https:\/\/vecinosdelinterior.com\/wp-content\/uploads\/2025\/07\/WhatsApp-Image-2025-07-17-at-1.42.46-PM-750x728.jpeg 750w, https:\/\/vecinosdelinterior.com\/wp-content\/uploads\/2025\/07\/WhatsApp-Image-2025-07-17-at-1.42.46-PM-1140x1107.jpeg 1140w\" sizes=\"(max-width: 1200px) 100vw, 1200px\" \/><\/figure>\n\n\n\n<figure class=\"wp-block-image\"><img decoding=\"async\" width=\"1200\" height=\"1123\" data-id=\"5019\" src=\"https:\/\/vecinosdelinterior.com\/wp-content\/uploads\/2025\/07\/WhatsApp-Image-2025-07-17-at-1.42.46-PM-1.jpeg\" alt=\"\" class=\"wp-image-5019\" srcset=\"https:\/\/vecinosdelinterior.com\/wp-content\/uploads\/2025\/07\/WhatsApp-Image-2025-07-17-at-1.42.46-PM-1.jpeg 1200w, https:\/\/vecinosdelinterior.com\/wp-content\/uploads\/2025\/07\/WhatsApp-Image-2025-07-17-at-1.42.46-PM-1-300x281.jpeg 300w, https:\/\/vecinosdelinterior.com\/wp-content\/uploads\/2025\/07\/WhatsApp-Image-2025-07-17-at-1.42.46-PM-1-1024x958.jpeg 1024w, https:\/\/vecinosdelinterior.com\/wp-content\/uploads\/2025\/07\/WhatsApp-Image-2025-07-17-at-1.42.46-PM-1-768x719.jpeg 768w, https:\/\/vecinosdelinterior.com\/wp-content\/uploads\/2025\/07\/WhatsApp-Image-2025-07-17-at-1.42.46-PM-1-750x702.jpeg 750w, https:\/\/vecinosdelinterior.com\/wp-content\/uploads\/2025\/07\/WhatsApp-Image-2025-07-17-at-1.42.46-PM-1-1140x1067.jpeg 1140w\" sizes=\"(max-width: 1200px) 100vw, 1200px\" \/><\/figure>\n<\/figure>\n\n\n\n<p><br>Luego, los efectivos policiales se entrevistaron con la propietaria de la vivienda, una mujer de 36 a\u00f1os, quien les relat\u00f3 que cuando se origin\u00f3 el incendio ella y sus dos hijos de 2 y 8 a\u00f1os de edad estaban acostados y que su pareja (el hombre de 25 a\u00f1os) estaba por salir del domicilio para dirigirse a su lugar de trabajo.<br>En ese momento escucharon una explosi\u00f3n en el sector de la cocina, lo que provoc\u00f3 posteriormente el incendio.<br>La mujer coment\u00f3 que sali\u00f3 inmediatamente de la casa junto a sus dos hijos mientras su pareja intentaba sofocar las llamas, hasta que llegaron unos vecinos y los efectivos policiales, quienes lograron apagar las llamas en su totalidad.<br>Al lugar tambi\u00e9n acudi\u00f3 personal m\u00e9dico del sistema de salud p\u00fablica provincial, quienes asistieron a la personas que estaban en la vivienda y constataron que se encontraban en buen estado de salud.<br>De acuerdo a las averiguaciones, el incendio se produjo debido a un cortocircuito originado por el sobrecalentamiento de la instalaci\u00f3n el\u00e9ctrica, causado por una pava el\u00e9ctrica conectada a un tomacorriente.<\/p>\n","protected":false},"excerpt":{"rendered":"<p>VECINOSDELINTERIOR.COM \/ 17 DE JULIOEste jueves por la ma\u00f1ana, alrededor de las 7:45, efectivos de la Subcomisar\u00eda 5\u00b0 de La Calera fueron alertados sobre un incendio en el interior de una vivienda ubicada en calle Los Venados de esa localidad del departamento Belgrano.Los uniformados se dirigieron inmediatamente hacia ese sitio, donde constataron el hecho. En [&hellip;]<\/p>\n","protected":false},"author":1,"featured_media":5021,"comment_status":"open","ping_status":"open","sticky":false,"template":"","format":"standard","meta":{"footnotes":""},"categories":[92,294],"tags":[213],"class_list":["post-5018","post","type-post","status-publish","format-standard","has-post-thumbnail","hentry","category-belgrano","category-la-calera","tag-policial"],"_links":{"self":[{"href":"https:\/\/vecinosdelinterior.com\/index.php\/wp-json\/wp\/v2\/posts\/5018","targetHints":{"allow":["GET"]}}],"collection":[{"href":"https:\/\/vecinosdelinterior.com\/index.php\/wp-json\/wp\/v2\/posts"}],"about":[{"href":"https:\/\/vecinosdelinterior.com\/index.php\/wp-json\/wp\/v2\/types\/post"}],"author":[{"embeddable":true,"href":"https:\/\/vecinosdelinterior.com\/index.php\/wp-json\/wp\/v2\/users\/1"}],"replies":[{"embeddable":true,"href":"https:\/\/vecinosdelinterior.com\/index.php\/wp-json\/wp\/v2\/comments?post=5018"}],"version-history":[{"count":1,"href":"https:\/\/vecinosdelinterior.com\/index.php\/wp-json\/wp\/v2\/posts\/5018\/revisions"}],"predecessor-version":[{"id":5022,"href":"https:\/\/vecinosdelinterior.com\/index.php\/wp-json\/wp\/v2\/posts\/5018\/revisions\/5022"}],"wp:featuredmedia":[{"embeddable":true,"href":"https:\/\/vecinosdelinterior.com\/index.php\/wp-json\/wp\/v2\/media\/5021"}],"wp:attachment":[{"href":"https:\/\/vecinosdelinterior.com\/index.php\/wp-json\/wp\/v2\/media?parent=5018"}],"wp:term":[{"taxonomy":"category","embeddable":true,"href":"https:\/\/vecinosdelinterior.com\/index.php\/wp-json\/wp\/v2\/categories?post=5018"},{"taxonomy":"post_tag","embeddable":true,"href":"https:\/\/vecinosdelinterior.com\/index.php\/wp-json\/wp\/v2\/tags?post=5018"}],"curies":[{"name":"wp","href":"https:\/\/api.w.org\/{rel}","templated":true}]}}