{"id":5056,"date":"2025-07-22T15:23:03","date_gmt":"2025-07-22T18:23:03","guid":{"rendered":"https:\/\/vecinosdelinterior.com\/?p=5056"},"modified":"2025-07-23T15:27:04","modified_gmt":"2025-07-23T18:27:04","slug":"realizaron-una-constatacion-por-la-tala-de-mas-de-200-caldenes-en-el-sur-provincial","status":"publish","type":"post","link":"https:\/\/vecinosdelinterior.com\/index.php\/2025\/07\/22\/realizaron-una-constatacion-por-la-tala-de-mas-de-200-caldenes-en-el-sur-provincial\/","title":{"rendered":"Realizaron una constataci\u00f3n por la tala de m\u00e1s de 200 caldenes en el sur provincial"},"content":{"rendered":"\n<p>Vecinos del Interior Puntano \/ 22 de julio<br>Inspectores de la secretar\u00eda de Ambiente y Desarrollo Sustentable corroboraron la extracci\u00f3n de 217 ejemplares de Cald\u00e9n (Neltuma caldenia) en cercan\u00edas a la localidad de Nueva Galia, en un establecimiento privado.<br>Inspectores de la secretar\u00eda de Ambiente realizaron una constataci\u00f3n por la tala de m\u00e1s de 200 caldenes en Nueva Galia.<\/p>\n\n\n\n<figure class=\"wp-block-gallery has-nested-images columns-default is-cropped wp-block-gallery-1 is-layout-flex wp-block-gallery-is-layout-flex\">\n<figure class=\"wp-block-image size-large\"><img fetchpriority=\"high\" decoding=\"async\" width=\"864\" height=\"576\" data-id=\"5057\" src=\"https:\/\/vecinosdelinterior.com\/wp-content\/uploads\/2025\/07\/520970580_609086532242037_8070966028364687589_n.jpg\" alt=\"\" class=\"wp-image-5057\" srcset=\"https:\/\/vecinosdelinterior.com\/wp-content\/uploads\/2025\/07\/520970580_609086532242037_8070966028364687589_n.jpg 864w, https:\/\/vecinosdelinterior.com\/wp-content\/uploads\/2025\/07\/520970580_609086532242037_8070966028364687589_n-300x200.jpg 300w, https:\/\/vecinosdelinterior.com\/wp-content\/uploads\/2025\/07\/520970580_609086532242037_8070966028364687589_n-768x512.jpg 768w, https:\/\/vecinosdelinterior.com\/wp-content\/uploads\/2025\/07\/520970580_609086532242037_8070966028364687589_n-750x500.jpg 750w\" sizes=\"(max-width: 864px) 100vw, 864px\" \/><\/figure>\n\n\n\n<figure class=\"wp-block-image size-large\"><img decoding=\"async\" width=\"593\" height=\"395\" data-id=\"5058\" src=\"https:\/\/vecinosdelinterior.com\/wp-content\/uploads\/2025\/07\/522611668_609086505575373_7052525387395618284_n.jpg\" alt=\"\" class=\"wp-image-5058\" srcset=\"https:\/\/vecinosdelinterior.com\/wp-content\/uploads\/2025\/07\/522611668_609086505575373_7052525387395618284_n.jpg 593w, https:\/\/vecinosdelinterior.com\/wp-content\/uploads\/2025\/07\/522611668_609086505575373_7052525387395618284_n-300x200.jpg 300w\" sizes=\"(max-width: 593px) 100vw, 593px\" \/><\/figure>\n<\/figure>\n\n\n\n<p><br>Un equipo de la cartera ambiental realiz\u00f3 un acta de constataci\u00f3n al establecimiento \u2018El Verano\u2019, perteneciente a la firma Cosufi S.A., ubicado en proximidades de Nueva Galia, departamento Dupuy. De acuerdo al reporte, que seguir\u00e1 su curso administrativo para su eventual sanci\u00f3n, fue constada la tala de 217 \u00e1rboles de la especie Cald\u00e9n, todos de importante porte, variando sus troncos entre los 500 a 1.000 mil\u00edmetros de di\u00e1metro.<br>Seg\u00fan precisa el documento, fueron talados en estado verde o vivos, lo que agrava el da\u00f1o ambiental realizado. Adem\u00e1s pudo registrarse c\u00f3mo hab\u00edan sido retirados del lugar los troncos o vigas de mayor tama\u00f1o quedando ramas y escombros m\u00e1s finos. Los responsables del establecimiento fueron notificados y deber\u00e1n realizar los descargos correspondientes.<br>El Cald\u00e9n es un \u00e1rbol end\u00e9mico de San Luis, siendo importante tanto desde el punto de vista ecol\u00f3gico como cultural. Es fundamental proteger las \u00e1reas donde a\u00fan se encuentra y promover su reproducci\u00f3n y conservaci\u00f3n. El ejemplar forma parte del ecosistema \u00fanico del caldenal, un tipo de bosque adaptado a suelos \u00e1ridos y sequ\u00edas.<br>Ha sido utilizado tradicionalmente por su madera para construcci\u00f3n y le\u00f1a, y es un s\u00edmbolo de la regi\u00f3n. En el pasado, el cald\u00e9n fue explotado para le\u00f1a, lo que ha reducido su presencia en la provincia. Actualmente, quedan pocos ejemplares, por ello es crucial proteger los bosques de cald\u00e9n y promover su reproducci\u00f3n, ya que su supervivencia est\u00e1 amenazada. Su conservaci\u00f3n requiere de la unificaci\u00f3n esfuerzos para proteger los bosques existentes y garantizar su poblaci\u00f3n, como as\u00ed tambi\u00e9n como su valor ecol\u00f3gico y cultural.<br>En San Luis, la protecci\u00f3n del Cald\u00e9n, un \u00e1rbol emblem\u00e1tico de la regi\u00f3n, se encuentra respaldada por varias leyes y normativas. Estas incluyen: la Ley de Actividad Forestal (IX-0319-2004) que establece las normas para el aprovechamiento forestal y el uso m\u00faltiple de los bosques en la provincia, incluyendo pautas para el transporte de productos forestales y el manejo del monte bajo; y el Sistema de \u00c1reas Naturales Protegidas Provincial (IX-0309\/04) que crea \u00e1reas naturales protegidas en la provincia para conservar la biodiversidad y los recursos naturales, incluyendo bosques nativos como el cald\u00e9n.<\/p>\n","protected":false},"excerpt":{"rendered":"<p>Vecinos del Interior Puntano \/ 22 de julioInspectores de la secretar\u00eda de Ambiente y Desarrollo Sustentable corroboraron la extracci\u00f3n de 217 ejemplares de Cald\u00e9n (Neltuma caldenia) en cercan\u00edas a la localidad de Nueva Galia, en un establecimiento privado.Inspectores de la secretar\u00eda de Ambiente realizaron una constataci\u00f3n por la tala de m\u00e1s de 200 caldenes en [&hellip;]<\/p>\n","protected":false},"author":1,"featured_media":5058,"comment_status":"open","ping_status":"open","sticky":false,"template":"","format":"standard","meta":{"footnotes":""},"categories":[18,16,40,376],"tags":[176],"class_list":["post-5056","post","type-post","status-publish","format-standard","has-post-thumbnail","hentry","category-buena-esperanza-dupuy","category-dupuy","category-nueva-galia","category-union","tag-medioambiente"],"_links":{"self":[{"href":"https:\/\/vecinosdelinterior.com\/index.php\/wp-json\/wp\/v2\/posts\/5056","targetHints":{"allow":["GET"]}}],"collection":[{"href":"https:\/\/vecinosdelinterior.com\/index.php\/wp-json\/wp\/v2\/posts"}],"about":[{"href":"https:\/\/vecinosdelinterior.com\/index.php\/wp-json\/wp\/v2\/types\/post"}],"author":[{"embeddable":true,"href":"https:\/\/vecinosdelinterior.com\/index.php\/wp-json\/wp\/v2\/users\/1"}],"replies":[{"embeddable":true,"href":"https:\/\/vecinosdelinterior.com\/index.php\/wp-json\/wp\/v2\/comments?post=5056"}],"version-history":[{"count":1,"href":"https:\/\/vecinosdelinterior.com\/index.php\/wp-json\/wp\/v2\/posts\/5056\/revisions"}],"predecessor-version":[{"id":5059,"href":"https:\/\/vecinosdelinterior.com\/index.php\/wp-json\/wp\/v2\/posts\/5056\/revisions\/5059"}],"wp:featuredmedia":[{"embeddable":true,"href":"https:\/\/vecinosdelinterior.com\/index.php\/wp-json\/wp\/v2\/media\/5058"}],"wp:attachment":[{"href":"https:\/\/vecinosdelinterior.com\/index.php\/wp-json\/wp\/v2\/media?parent=5056"}],"wp:term":[{"taxonomy":"category","embeddable":true,"href":"https:\/\/vecinosdelinterior.com\/index.php\/wp-json\/wp\/v2\/categories?post=5056"},{"taxonomy":"post_tag","embeddable":true,"href":"https:\/\/vecinosdelinterior.com\/index.php\/wp-json\/wp\/v2\/tags?post=5056"}],"curies":[{"name":"wp","href":"https:\/\/api.w.org\/{rel}","templated":true}]}}