{"id":5119,"date":"2025-07-30T16:49:48","date_gmt":"2025-07-30T19:49:48","guid":{"rendered":"https:\/\/vecinosdelinterior.com\/?p=5119"},"modified":"2025-07-30T16:49:48","modified_gmt":"2025-07-30T19:49:48","slug":"edesal-informa-sobre-el-corte-en-el-servicio-electrico","status":"publish","type":"post","link":"https:\/\/vecinosdelinterior.com\/index.php\/2025\/07\/30\/edesal-informa-sobre-el-corte-en-el-servicio-electrico\/","title":{"rendered":"EDESAL informa sobre el corte en el servicio el\u00e9ctrico"},"content":{"rendered":"\n<p>\u26a1EDESAL informa que el servicio el\u00e9ctrico en Nueva Galia, Fortuna, Uni\u00f3n, Anchorena y Arizona est\u00e1 afectado por un problema en la linea de Realic\u00f2 La Pampa.<br>Desde las 16:09 horas sin tensi\u00f3n desde Realico a Fortuna.<br>En la empresa de Pampa hay una falla en la linea de lata tensi\u00f3n de 132 KV Pico &#8211; Realico.<br>En estos momento realizan maniobras para reestablecer el servicio el\u00e9ctrico<\/p>\n","protected":false},"excerpt":{"rendered":"<p>\u26a1EDESAL informa que el servicio el\u00e9ctrico en Nueva Galia, Fortuna, Uni\u00f3n, Anchorena y Arizona est\u00e1 afectado por un problema en la linea de Realic\u00f2 La Pampa.Desde las 16:09 horas sin tensi\u00f3n desde Realico a Fortuna.En la empresa de Pampa hay una falla en la linea de lata tensi\u00f3n de 132 KV Pico &#8211; Realico.En estos [&hellip;]<\/p>\n","protected":false},"author":1,"featured_media":5120,"comment_status":"open","ping_status":"open","sticky":false,"template":"","format":"standard","meta":{"footnotes":""},"categories":[18,16,365,484,40,376],"tags":[],"class_list":["post-5119","post","type-post","status-publish","format-standard","has-post-thumbnail","hentry","category-buena-esperanza-dupuy","category-dupuy","category-fortuna","category-navia","category-nueva-galia","category-union"],"_links":{"self":[{"href":"https:\/\/vecinosdelinterior.com\/index.php\/wp-json\/wp\/v2\/posts\/5119","targetHints":{"allow":["GET"]}}],"collection":[{"href":"https:\/\/vecinosdelinterior.com\/index.php\/wp-json\/wp\/v2\/posts"}],"about":[{"href":"https:\/\/vecinosdelinterior.com\/index.php\/wp-json\/wp\/v2\/types\/post"}],"author":[{"embeddable":true,"href":"https:\/\/vecinosdelinterior.com\/index.php\/wp-json\/wp\/v2\/users\/1"}],"replies":[{"embeddable":true,"href":"https:\/\/vecinosdelinterior.com\/index.php\/wp-json\/wp\/v2\/comments?post=5119"}],"version-history":[{"count":1,"href":"https:\/\/vecinosdelinterior.com\/index.php\/wp-json\/wp\/v2\/posts\/5119\/revisions"}],"predecessor-version":[{"id":5121,"href":"https:\/\/vecinosdelinterior.com\/index.php\/wp-json\/wp\/v2\/posts\/5119\/revisions\/5121"}],"wp:featuredmedia":[{"embeddable":true,"href":"https:\/\/vecinosdelinterior.com\/index.php\/wp-json\/wp\/v2\/media\/5120"}],"wp:attachment":[{"href":"https:\/\/vecinosdelinterior.com\/index.php\/wp-json\/wp\/v2\/media?parent=5119"}],"wp:term":[{"taxonomy":"category","embeddable":true,"href":"https:\/\/vecinosdelinterior.com\/index.php\/wp-json\/wp\/v2\/categories?post=5119"},{"taxonomy":"post_tag","embeddable":true,"href":"https:\/\/vecinosdelinterior.com\/index.php\/wp-json\/wp\/v2\/tags?post=5119"}],"curies":[{"name":"wp","href":"https:\/\/api.w.org\/{rel}","templated":true}]}}