{"id":5127,"date":"2025-08-02T12:36:14","date_gmt":"2025-08-02T15:36:14","guid":{"rendered":"https:\/\/vecinosdelinterior.com\/?p=5127"},"modified":"2025-08-02T12:49:41","modified_gmt":"2025-08-02T15:49:41","slug":"tilisarao-tres-detenidos-tras-allanamientos-por-un-robo-calificado-en-una-zona-rural","status":"publish","type":"post","link":"https:\/\/vecinosdelinterior.com\/index.php\/2025\/08\/02\/tilisarao-tres-detenidos-tras-allanamientos-por-un-robo-calificado-en-una-zona-rural\/","title":{"rendered":"Tilisarao: Tres detenidos tras allanamientos por un robo calificado en una zona rural"},"content":{"rendered":"\n<p>VECINOSDELINTERIOR.COM \/ 02 DE AGOSTO<br>Durante la madrugada del lunes 01 de agosto, la Polic\u00eda de la Provincia de San Luis llev\u00f3 adelante dos allanamientos con resultados positivos en la localidad de Tilisarao, en el marco de una causa por robo calificado en despoblado y en banda. Como resultado, fueron detenidos tres hombres mayores de edad, quienes estar\u00edan implicados en un violento hecho ocurrido d\u00edas atr\u00e1s en la zona rural.<br>La investigaci\u00f3n se inici\u00f3 tras la denuncia del ciudadano de apellido Gabusi, de 67 a\u00f1os, quien junto a su esposa fueron v\u00edctima del il\u00edcito el pasado jueves 31 de julio por la noche. La causa est\u00e1 caratulada como \u00abAveriguaci\u00f3n robo calificado en despoblado y en banda\u00bb y cuenta con la intervenci\u00f3n de la Unidad de Abordaje Fiscal, a cargo del Dr. Marcelo Salda\u00f1o, y el Juzgado de Garant\u00eda de la Tercera Circunscripci\u00f3n Judicial, a cargo del Dr. Osvaldo Pinto.<\/p>\n\n\n\n<figure class=\"wp-block-gallery has-nested-images columns-default is-cropped wp-block-gallery-1 is-layout-flex wp-block-gallery-is-layout-flex\">\n<figure class=\"wp-block-image size-large\"><img fetchpriority=\"high\" decoding=\"async\" width=\"1024\" height=\"575\" data-id=\"5129\" src=\"https:\/\/vecinosdelinterior.com\/wp-content\/uploads\/2025\/08\/WhatsApp-Image-2025-08-02-at-12.26.38-PM-1024x575.jpeg\" alt=\"\" class=\"wp-image-5129\" srcset=\"https:\/\/vecinosdelinterior.com\/wp-content\/uploads\/2025\/08\/WhatsApp-Image-2025-08-02-at-12.26.38-PM-1024x575.jpeg 1024w, https:\/\/vecinosdelinterior.com\/wp-content\/uploads\/2025\/08\/WhatsApp-Image-2025-08-02-at-12.26.38-PM-300x169.jpeg 300w, https:\/\/vecinosdelinterior.com\/wp-content\/uploads\/2025\/08\/WhatsApp-Image-2025-08-02-at-12.26.38-PM-768x431.jpeg 768w, https:\/\/vecinosdelinterior.com\/wp-content\/uploads\/2025\/08\/WhatsApp-Image-2025-08-02-at-12.26.38-PM-750x421.jpeg 750w, https:\/\/vecinosdelinterior.com\/wp-content\/uploads\/2025\/08\/WhatsApp-Image-2025-08-02-at-12.26.38-PM-1140x640.jpeg 1140w, https:\/\/vecinosdelinterior.com\/wp-content\/uploads\/2025\/08\/WhatsApp-Image-2025-08-02-at-12.26.38-PM.jpeg 1280w\" sizes=\"(max-width: 1024px) 100vw, 1024px\" \/><\/figure>\n\n\n\n<figure class=\"wp-block-image size-large\"><img decoding=\"async\" width=\"1024\" height=\"575\" data-id=\"5130\" src=\"https:\/\/vecinosdelinterior.com\/wp-content\/uploads\/2025\/08\/WhatsApp-Image-2025-08-02-at-12.26.12-PM-1024x575.jpeg\" alt=\"\" class=\"wp-image-5130\" srcset=\"https:\/\/vecinosdelinterior.com\/wp-content\/uploads\/2025\/08\/WhatsApp-Image-2025-08-02-at-12.26.12-PM-1024x575.jpeg 1024w, https:\/\/vecinosdelinterior.com\/wp-content\/uploads\/2025\/08\/WhatsApp-Image-2025-08-02-at-12.26.12-PM-300x169.jpeg 300w, https:\/\/vecinosdelinterior.com\/wp-content\/uploads\/2025\/08\/WhatsApp-Image-2025-08-02-at-12.26.12-PM-768x431.jpeg 768w, https:\/\/vecinosdelinterior.com\/wp-content\/uploads\/2025\/08\/WhatsApp-Image-2025-08-02-at-12.26.12-PM-750x421.jpeg 750w, https:\/\/vecinosdelinterior.com\/wp-content\/uploads\/2025\/08\/WhatsApp-Image-2025-08-02-at-12.26.12-PM-1140x640.jpeg 1140w, https:\/\/vecinosdelinterior.com\/wp-content\/uploads\/2025\/08\/WhatsApp-Image-2025-08-02-at-12.26.12-PM.jpeg 1280w\" sizes=\"(max-width: 1024px) 100vw, 1024px\" \/><\/figure>\n\n\n\n<figure class=\"wp-block-image size-large\"><img decoding=\"async\" width=\"1024\" height=\"516\" data-id=\"5128\" src=\"https:\/\/vecinosdelinterior.com\/wp-content\/uploads\/2025\/08\/WhatsApp-Image-2025-08-02-at-12.25.53-PM-1024x516.jpeg\" alt=\"\" class=\"wp-image-5128\" srcset=\"https:\/\/vecinosdelinterior.com\/wp-content\/uploads\/2025\/08\/WhatsApp-Image-2025-08-02-at-12.25.53-PM-1024x516.jpeg 1024w, https:\/\/vecinosdelinterior.com\/wp-content\/uploads\/2025\/08\/WhatsApp-Image-2025-08-02-at-12.25.53-PM-300x151.jpeg 300w, https:\/\/vecinosdelinterior.com\/wp-content\/uploads\/2025\/08\/WhatsApp-Image-2025-08-02-at-12.25.53-PM-768x387.jpeg 768w, https:\/\/vecinosdelinterior.com\/wp-content\/uploads\/2025\/08\/WhatsApp-Image-2025-08-02-at-12.25.53-PM-360x180.jpeg 360w, https:\/\/vecinosdelinterior.com\/wp-content\/uploads\/2025\/08\/WhatsApp-Image-2025-08-02-at-12.25.53-PM-750x378.jpeg 750w, https:\/\/vecinosdelinterior.com\/wp-content\/uploads\/2025\/08\/WhatsApp-Image-2025-08-02-at-12.25.53-PM-1140x574.jpeg 1140w, https:\/\/vecinosdelinterior.com\/wp-content\/uploads\/2025\/08\/WhatsApp-Image-2025-08-02-at-12.25.53-PM.jpeg 1280w\" sizes=\"(max-width: 1024px) 100vw, 1024px\" \/><\/figure>\n<\/figure>\n\n\n\n<p><br>Los procedimientos fueron realizados por personal de la Comisar\u00eda Distrito 23\u00b0, en conjunto con efectivos de la Polic\u00eda Cient\u00edfica, Divisi\u00f3n de Investigaciones (DDI), Divisi\u00f3n de Delitos Complejos (DDH), Comando Radioel\u00e9ctrico UROP III, COAR Delta y Brigada Ecol\u00f3gica Ambiental, bajo supervisi\u00f3n directa del fiscal interviniente.<br>Durante los allanamientos, se recolectaron elementos de inter\u00e9s para la causa y se procedi\u00f3 a la detenci\u00f3n de tres hombres mayores de edad quienes residian en zonas aleda\u00f1as a Tilisarao.<br>Se puede adelantar que los objetos que se incautaron en el allanamientos fueron reconocidos por la victima del robo pero tambi\u00e9n se encontraron otros que guardan similitud con otros hechos, puntualmente uno de ellos en la localidad de San Mart\u00edn, tambi\u00e9n sucedido en una zona rural.<br>Los tres detenidos fueron trasladados a la Alcaid\u00eda de la U.R.O.P. III, donde permanecen a disposici\u00f3n de la justicia.<\/p>\n","protected":false},"excerpt":{"rendered":"<p>VECINOSDELINTERIOR.COM \/ 02 DE AGOSTODurante la madrugada del lunes 01 de agosto, la Polic\u00eda de la Provincia de San Luis llev\u00f3 adelante dos allanamientos con resultados positivos en la localidad de Tilisarao, en el marco de una causa por robo calificado en despoblado y en banda. Como resultado, fueron detenidos tres hombres mayores de edad, [&hellip;]<\/p>\n","protected":false},"author":1,"featured_media":5129,"comment_status":"open","ping_status":"open","sticky":false,"template":"","format":"standard","meta":{"footnotes":""},"categories":[29,30],"tags":[213],"class_list":["post-5127","post","type-post","status-publish","format-standard","has-post-thumbnail","hentry","category-chacabuco","category-tilisarao","tag-policial"],"_links":{"self":[{"href":"https:\/\/vecinosdelinterior.com\/index.php\/wp-json\/wp\/v2\/posts\/5127","targetHints":{"allow":["GET"]}}],"collection":[{"href":"https:\/\/vecinosdelinterior.com\/index.php\/wp-json\/wp\/v2\/posts"}],"about":[{"href":"https:\/\/vecinosdelinterior.com\/index.php\/wp-json\/wp\/v2\/types\/post"}],"author":[{"embeddable":true,"href":"https:\/\/vecinosdelinterior.com\/index.php\/wp-json\/wp\/v2\/users\/1"}],"replies":[{"embeddable":true,"href":"https:\/\/vecinosdelinterior.com\/index.php\/wp-json\/wp\/v2\/comments?post=5127"}],"version-history":[{"count":2,"href":"https:\/\/vecinosdelinterior.com\/index.php\/wp-json\/wp\/v2\/posts\/5127\/revisions"}],"predecessor-version":[{"id":5145,"href":"https:\/\/vecinosdelinterior.com\/index.php\/wp-json\/wp\/v2\/posts\/5127\/revisions\/5145"}],"wp:featuredmedia":[{"embeddable":true,"href":"https:\/\/vecinosdelinterior.com\/index.php\/wp-json\/wp\/v2\/media\/5129"}],"wp:attachment":[{"href":"https:\/\/vecinosdelinterior.com\/index.php\/wp-json\/wp\/v2\/media?parent=5127"}],"wp:term":[{"taxonomy":"category","embeddable":true,"href":"https:\/\/vecinosdelinterior.com\/index.php\/wp-json\/wp\/v2\/categories?post=5127"},{"taxonomy":"post_tag","embeddable":true,"href":"https:\/\/vecinosdelinterior.com\/index.php\/wp-json\/wp\/v2\/tags?post=5127"}],"curies":[{"name":"wp","href":"https:\/\/api.w.org\/{rel}","templated":true}]}}