{"id":5132,"date":"2025-08-02T12:37:14","date_gmt":"2025-08-02T15:37:14","guid":{"rendered":"https:\/\/vecinosdelinterior.com\/?p=5132"},"modified":"2025-08-02T12:37:15","modified_gmt":"2025-08-02T15:37:15","slug":"se-viene-el-festival-de-las-infancias-en-buena-esperanza","status":"publish","type":"post","link":"https:\/\/vecinosdelinterior.com\/index.php\/2025\/08\/02\/se-viene-el-festival-de-las-infancias-en-buena-esperanza\/","title":{"rendered":"Se viene el Festival de las Infancias en Buena Esperanza"},"content":{"rendered":"\n<p>VECINOSDELINTERIOR.COM \/ 02 DE AGOSTO<br>La Municipalidad de Buena Esperanza realizar\u00e1 este 10 de agosto un evento para todos los ni\u00f1os de la localidad para disfrutarlo a pleno. Habr\u00e1:<br>\ud83c\udf1f Zona de juegos<br>\ud83c\udfa8 Espacio de arte y deportes<br>\ud83c\udf31 Taller de huerta<br>\ud83c\udf6a \u00a1Tarde de merienda!<br>Se invita a toda la comunidad de Buena Esperanza al Sal\u00f3n de Cultura Municipal en el horario de 15:00 a 19:00 hs<br>Una fiesta pensada con amor para que chicos y chicas disfruten a lo grande<\/p>\n","protected":false},"excerpt":{"rendered":"<p>VECINOSDELINTERIOR.COM \/ 02 DE AGOSTOLa Municipalidad de Buena Esperanza realizar\u00e1 este 10 de agosto un evento para todos los ni\u00f1os de la localidad para disfrutarlo a pleno. Habr\u00e1:\ud83c\udf1f Zona de juegos\ud83c\udfa8 Espacio de arte y deportes\ud83c\udf31 Taller de huerta\ud83c\udf6a \u00a1Tarde de merienda!Se invita a toda la comunidad de Buena Esperanza al Sal\u00f3n de Cultura Municipal [&hellip;]<\/p>\n","protected":false},"author":1,"featured_media":5133,"comment_status":"open","ping_status":"open","sticky":false,"template":"","format":"standard","meta":{"footnotes":""},"categories":[18,16],"tags":[391,177],"class_list":["post-5132","post","type-post","status-publish","format-standard","has-post-thumbnail","hentry","category-buena-esperanza-dupuy","category-dupuy","tag-eventos","tag-gestiones-destacadas"],"_links":{"self":[{"href":"https:\/\/vecinosdelinterior.com\/index.php\/wp-json\/wp\/v2\/posts\/5132","targetHints":{"allow":["GET"]}}],"collection":[{"href":"https:\/\/vecinosdelinterior.com\/index.php\/wp-json\/wp\/v2\/posts"}],"about":[{"href":"https:\/\/vecinosdelinterior.com\/index.php\/wp-json\/wp\/v2\/types\/post"}],"author":[{"embeddable":true,"href":"https:\/\/vecinosdelinterior.com\/index.php\/wp-json\/wp\/v2\/users\/1"}],"replies":[{"embeddable":true,"href":"https:\/\/vecinosdelinterior.com\/index.php\/wp-json\/wp\/v2\/comments?post=5132"}],"version-history":[{"count":1,"href":"https:\/\/vecinosdelinterior.com\/index.php\/wp-json\/wp\/v2\/posts\/5132\/revisions"}],"predecessor-version":[{"id":5134,"href":"https:\/\/vecinosdelinterior.com\/index.php\/wp-json\/wp\/v2\/posts\/5132\/revisions\/5134"}],"wp:featuredmedia":[{"embeddable":true,"href":"https:\/\/vecinosdelinterior.com\/index.php\/wp-json\/wp\/v2\/media\/5133"}],"wp:attachment":[{"href":"https:\/\/vecinosdelinterior.com\/index.php\/wp-json\/wp\/v2\/media?parent=5132"}],"wp:term":[{"taxonomy":"category","embeddable":true,"href":"https:\/\/vecinosdelinterior.com\/index.php\/wp-json\/wp\/v2\/categories?post=5132"},{"taxonomy":"post_tag","embeddable":true,"href":"https:\/\/vecinosdelinterior.com\/index.php\/wp-json\/wp\/v2\/tags?post=5132"}],"curies":[{"name":"wp","href":"https:\/\/api.w.org\/{rel}","templated":true}]}}