{"id":5142,"date":"2025-07-31T12:39:00","date_gmt":"2025-07-31T15:39:00","guid":{"rendered":"https:\/\/vecinosdelinterior.com\/?p=5142"},"modified":"2025-08-02T12:40:36","modified_gmt":"2025-08-02T15:40:36","slug":"se-incendio-un-vehiculo-en-justo-daract","status":"publish","type":"post","link":"https:\/\/vecinosdelinterior.com\/index.php\/2025\/07\/31\/se-incendio-un-vehiculo-en-justo-daract\/","title":{"rendered":"Se incendi\u00f3 un veh\u00edculo en Justo Daract"},"content":{"rendered":"\n<p>VECINOSDELINTERIOR.COM \/ 31 DE JULIO<br>Sucedi\u00f3 en la noche del mi\u00e9rcoles frente a la estaci\u00f3n de servicios.<br>No se inform\u00f3 la causa del foco \u00edgneo pero se presume que fue un desperfecto el\u00e9ctrico.<br>Bomberos de la localidad llegaron para extinguir el fuego que ya hab\u00eda consumido una parte importante del auto.<\/p>\n","protected":false},"excerpt":{"rendered":"<p>VECINOSDELINTERIOR.COM \/ 31 DE JULIOSucedi\u00f3 en la noche del mi\u00e9rcoles frente a la estaci\u00f3n de servicios.No se inform\u00f3 la causa del foco \u00edgneo pero se presume que fue un desperfecto el\u00e9ctrico.Bomberos de la localidad llegaron para extinguir el fuego que ya hab\u00eda consumido una parte importante del auto.<\/p>\n","protected":false},"author":1,"featured_media":5143,"comment_status":"open","ping_status":"open","sticky":false,"template":"","format":"standard","meta":{"footnotes":""},"categories":[127,98],"tags":[],"class_list":["post-5142","post","type-post","status-publish","format-standard","has-post-thumbnail","hentry","category-justo-daract","category-pedernera"],"_links":{"self":[{"href":"https:\/\/vecinosdelinterior.com\/index.php\/wp-json\/wp\/v2\/posts\/5142","targetHints":{"allow":["GET"]}}],"collection":[{"href":"https:\/\/vecinosdelinterior.com\/index.php\/wp-json\/wp\/v2\/posts"}],"about":[{"href":"https:\/\/vecinosdelinterior.com\/index.php\/wp-json\/wp\/v2\/types\/post"}],"author":[{"embeddable":true,"href":"https:\/\/vecinosdelinterior.com\/index.php\/wp-json\/wp\/v2\/users\/1"}],"replies":[{"embeddable":true,"href":"https:\/\/vecinosdelinterior.com\/index.php\/wp-json\/wp\/v2\/comments?post=5142"}],"version-history":[{"count":1,"href":"https:\/\/vecinosdelinterior.com\/index.php\/wp-json\/wp\/v2\/posts\/5142\/revisions"}],"predecessor-version":[{"id":5144,"href":"https:\/\/vecinosdelinterior.com\/index.php\/wp-json\/wp\/v2\/posts\/5142\/revisions\/5144"}],"wp:featuredmedia":[{"embeddable":true,"href":"https:\/\/vecinosdelinterior.com\/index.php\/wp-json\/wp\/v2\/media\/5143"}],"wp:attachment":[{"href":"https:\/\/vecinosdelinterior.com\/index.php\/wp-json\/wp\/v2\/media?parent=5142"}],"wp:term":[{"taxonomy":"category","embeddable":true,"href":"https:\/\/vecinosdelinterior.com\/index.php\/wp-json\/wp\/v2\/categories?post=5142"},{"taxonomy":"post_tag","embeddable":true,"href":"https:\/\/vecinosdelinterior.com\/index.php\/wp-json\/wp\/v2\/tags?post=5142"}],"curies":[{"name":"wp","href":"https:\/\/api.w.org\/{rel}","templated":true}]}}