{"id":5162,"date":"2025-08-05T07:48:00","date_gmt":"2025-08-05T10:48:00","guid":{"rendered":"https:\/\/vecinosdelinterior.com\/?p=5162"},"modified":"2025-08-05T12:49:31","modified_gmt":"2025-08-05T15:49:31","slug":"brindaron-una-charla-informativa-para-artesanos-de-la-madera-en-san-francisco-del-monte-de-oro","status":"publish","type":"post","link":"https:\/\/vecinosdelinterior.com\/index.php\/2025\/08\/05\/brindaron-una-charla-informativa-para-artesanos-de-la-madera-en-san-francisco-del-monte-de-oro\/","title":{"rendered":"Brindaron una charla informativa para artesanos de la madera en San Francisco del Monte de Oro"},"content":{"rendered":"\n<p><\/p>\n\n\n\n<p>La organiz\u00f3 la secretar\u00eda de Ambiente y Desarrollo Sustentable para impulsar el fortalecimiento del trabajo artesanal y el uso responsable de los recursos forestales. Buscan efectivizar la inscripci\u00f3n en el Registro Provincial de los trabajadores locales, herramienta vigente desde 2024.<\/p>\n\n\n\n<p>La secretaria de Ambiente y Desarrollo Sustentable brind\u00f3 una charla para artesanos de la madera en San Francisco del Monte de Oro. Si bien el Registro Provincial de los trabajadores locales se encuentra operativo desde el a\u00f1o pasado, la cartera ambiental est\u00e1 realizando encuentros territoriales que permitan acercar la informaci\u00f3n, despejar dudas y generar conciencia sobre la importancia de formalizar esta actividad productiva con arraigo en la identidad local.<\/p>\n\n\n\n<p>Durante la charla, se compartieron experiencias del sector y se explic\u00f3 de manera clara y directa el funcionamiento del Registro, que permite a los artesanos trabajar con tranquilidad legal en el traslado y la compra de madera, siempre que provenga de campos habilitados y con permisos vigentes de manejo sustentable.<\/p>\n\n\n\n<p>Se destac\u00f3 que los requisitos son simples y accesibles: tener habilitaci\u00f3n municipal como comercio, ser titular del emprendimiento y completar el formulario digital disponible en la p\u00e1gina oficial de la Secretar\u00eda.<\/p>\n\n\n\n<p>Adem\u00e1s de ofrecer seguridad jur\u00eddica y comercial, el Registro permite generar datos reales de la actividad que sirvan para planificar pol\u00edticas p\u00fablicas de fomento, inclusi\u00f3n en ferias, comercializaci\u00f3n e incluso apertura a mercados externos. Tambi\u00e9n hubo di\u00e1logo sobre las dificultades que enfrentan los talleres peque\u00f1os y estacionales, y se plante\u00f3 la posibilidad futura de crear registros adaptados o temporales, que permitan contemplar la diversidad de situaciones sin perder de vista el cuidado ambiental y el valor del oficio.<\/p>\n\n\n\n<p>Desde la oficina de Flora se subray\u00f3 que el prop\u00f3sito no es sancionar, sino acompa\u00f1ar el crecimiento del sector artesanal, regularizando su funcionamiento, promoviendo cooperativas y asegurando que quienes producen con esfuerzo puedan hacerlo con respaldo, dignidad y proyecci\u00f3n.<\/p>\n\n\n\n<p>Este encuentro forma parte de una estrategia m\u00e1s amplia de articulaci\u00f3n territorial, que continuar\u00e1 desarroll\u00e1ndose en distintas localidades de la provincia abocadas a la actividad. Por la cartera ambiental participaron el director de Biodiversidad, Daniel Berro, y el responsable de Flora, Juan Fern\u00e1ndez.<\/p>\n","protected":false},"excerpt":{"rendered":"<p>La organiz\u00f3 la secretar\u00eda de Ambiente y Desarrollo Sustentable para impulsar el fortalecimiento del trabajo artesanal y el uso responsable de los recursos forestales. Buscan efectivizar la inscripci\u00f3n en el Registro Provincial de los trabajadores locales, herramienta vigente desde 2024. La secretaria de Ambiente y Desarrollo Sustentable brind\u00f3 una charla para artesanos de la madera [&hellip;]<\/p>\n","protected":false},"author":1,"featured_media":5163,"comment_status":"open","ping_status":"open","sticky":false,"template":"","format":"standard","meta":{"footnotes":""},"categories":[8,9],"tags":[],"class_list":["post-5162","post","type-post","status-publish","format-standard","has-post-thumbnail","hentry","category-ayacucho","category-san-francisco"],"_links":{"self":[{"href":"https:\/\/vecinosdelinterior.com\/index.php\/wp-json\/wp\/v2\/posts\/5162","targetHints":{"allow":["GET"]}}],"collection":[{"href":"https:\/\/vecinosdelinterior.com\/index.php\/wp-json\/wp\/v2\/posts"}],"about":[{"href":"https:\/\/vecinosdelinterior.com\/index.php\/wp-json\/wp\/v2\/types\/post"}],"author":[{"embeddable":true,"href":"https:\/\/vecinosdelinterior.com\/index.php\/wp-json\/wp\/v2\/users\/1"}],"replies":[{"embeddable":true,"href":"https:\/\/vecinosdelinterior.com\/index.php\/wp-json\/wp\/v2\/comments?post=5162"}],"version-history":[{"count":1,"href":"https:\/\/vecinosdelinterior.com\/index.php\/wp-json\/wp\/v2\/posts\/5162\/revisions"}],"predecessor-version":[{"id":5164,"href":"https:\/\/vecinosdelinterior.com\/index.php\/wp-json\/wp\/v2\/posts\/5162\/revisions\/5164"}],"wp:featuredmedia":[{"embeddable":true,"href":"https:\/\/vecinosdelinterior.com\/index.php\/wp-json\/wp\/v2\/media\/5163"}],"wp:attachment":[{"href":"https:\/\/vecinosdelinterior.com\/index.php\/wp-json\/wp\/v2\/media?parent=5162"}],"wp:term":[{"taxonomy":"category","embeddable":true,"href":"https:\/\/vecinosdelinterior.com\/index.php\/wp-json\/wp\/v2\/categories?post=5162"},{"taxonomy":"post_tag","embeddable":true,"href":"https:\/\/vecinosdelinterior.com\/index.php\/wp-json\/wp\/v2\/tags?post=5162"}],"curies":[{"name":"wp","href":"https:\/\/api.w.org\/{rel}","templated":true}]}}