{"id":5201,"date":"2025-08-13T11:49:46","date_gmt":"2025-08-13T14:49:46","guid":{"rendered":"https:\/\/vecinosdelinterior.com\/?p=5201"},"modified":"2025-08-13T11:49:46","modified_gmt":"2025-08-13T14:49:46","slug":"senadores-recibieron-a-representantes-de-apts-con-el-objetivo-de-impulsar-la-aprobacion-de-la-ley-juanita-torre","status":"publish","type":"post","link":"https:\/\/vecinosdelinterior.com\/index.php\/2025\/08\/13\/senadores-recibieron-a-representantes-de-apts-con-el-objetivo-de-impulsar-la-aprobacion-de-la-ley-juanita-torre\/","title":{"rendered":"Senadores recibieron a representantes de APTS con el objetivo de impulsar la aprobaci\u00f3n de la \u00abLey Juanita Torre\u00bb"},"content":{"rendered":"\n<p>En la jornada de ayer, Natalia Torre y Ana L\u00eda Trifir\u00f3, integrantes de la Comisi\u00f3n Directiva de APTS, mantuvieron una reuni\u00f3n con los senadores del bloque justicialista Sergio Moreira, Alejandro Torres y Hugo Olgu\u00edn para expresar la preocupaci\u00f3n por que se inicie el tratamiento de la Ley Juanita Torre, que ampl\u00eda las licencias para los empleados p\u00fablicos que tienen hijos con discapacidad a cargo.<\/p>\n\n\n\n<p><br>En un contexto nacional en que la discapacidad est\u00e1 en emergencia, esta ser\u00eda una ayuda para muchas familias que tienen hijos con discapacidad a cargo. La aprobaci\u00f3n de esta ley ser\u00eda una acci\u00f3n concreta y un paso fundamental para mejorar la vida de muchas familias\u00bb destacan desde el gremio de salud, por lo que la atenci\u00f3n de los senadores en tal problem\u00e1tica es fundamental.<\/p>\n\n\n\n<p><br>\u00abDesde APTS presentamos un informe estad\u00edstico que demuestra que solo el 3% de los empleados p\u00fablicos acceder\u00edan a este beneficio, un n\u00famero que no implica ning\u00fan esfuerzo econ\u00f3mico para el Estado\u00bb. explicaron desde el gremio.<\/p>\n\n\n\n<p><br>El proyecto se encuentra en 3 comisiones legislativas (derechos humanos y familia; salud, trabajo y seguridad social; y asuntos constitucionales y labor parlamentaria). <\/p>\n","protected":false},"excerpt":{"rendered":"<p>En la jornada de ayer, Natalia Torre y Ana L\u00eda Trifir\u00f3, integrantes de la Comisi\u00f3n Directiva de APTS, mantuvieron una reuni\u00f3n con los senadores del bloque justicialista Sergio Moreira, Alejandro Torres y Hugo Olgu\u00edn para expresar la preocupaci\u00f3n por que se inicie el tratamiento de la Ley Juanita Torre, que ampl\u00eda las licencias para los [&hellip;]<\/p>\n","protected":false},"author":1,"featured_media":5202,"comment_status":"open","ping_status":"open","sticky":false,"template":"","format":"standard","meta":{"footnotes":""},"categories":[80],"tags":[492],"class_list":["post-5201","post","type-post","status-publish","format-standard","has-post-thumbnail","hentry","category-general","tag-politica"],"_links":{"self":[{"href":"https:\/\/vecinosdelinterior.com\/index.php\/wp-json\/wp\/v2\/posts\/5201","targetHints":{"allow":["GET"]}}],"collection":[{"href":"https:\/\/vecinosdelinterior.com\/index.php\/wp-json\/wp\/v2\/posts"}],"about":[{"href":"https:\/\/vecinosdelinterior.com\/index.php\/wp-json\/wp\/v2\/types\/post"}],"author":[{"embeddable":true,"href":"https:\/\/vecinosdelinterior.com\/index.php\/wp-json\/wp\/v2\/users\/1"}],"replies":[{"embeddable":true,"href":"https:\/\/vecinosdelinterior.com\/index.php\/wp-json\/wp\/v2\/comments?post=5201"}],"version-history":[{"count":1,"href":"https:\/\/vecinosdelinterior.com\/index.php\/wp-json\/wp\/v2\/posts\/5201\/revisions"}],"predecessor-version":[{"id":5203,"href":"https:\/\/vecinosdelinterior.com\/index.php\/wp-json\/wp\/v2\/posts\/5201\/revisions\/5203"}],"wp:featuredmedia":[{"embeddable":true,"href":"https:\/\/vecinosdelinterior.com\/index.php\/wp-json\/wp\/v2\/media\/5202"}],"wp:attachment":[{"href":"https:\/\/vecinosdelinterior.com\/index.php\/wp-json\/wp\/v2\/media?parent=5201"}],"wp:term":[{"taxonomy":"category","embeddable":true,"href":"https:\/\/vecinosdelinterior.com\/index.php\/wp-json\/wp\/v2\/categories?post=5201"},{"taxonomy":"post_tag","embeddable":true,"href":"https:\/\/vecinosdelinterior.com\/index.php\/wp-json\/wp\/v2\/tags?post=5201"}],"curies":[{"name":"wp","href":"https:\/\/api.w.org\/{rel}","templated":true}]}}