{"id":5205,"date":"2025-08-20T14:05:06","date_gmt":"2025-08-20T17:05:06","guid":{"rendered":"https:\/\/vecinosdelinterior.com\/?p=5205"},"modified":"2025-08-20T14:05:07","modified_gmt":"2025-08-20T17:05:07","slug":"una-joven-sanfrancisquena-que-triunfa-en-padel","status":"publish","type":"post","link":"https:\/\/vecinosdelinterior.com\/index.php\/2025\/08\/20\/una-joven-sanfrancisquena-que-triunfa-en-padel\/","title":{"rendered":"Una joven sanfrancisque\u00f1a que triunfa en padel"},"content":{"rendered":"\n<p>VECINOSDELINTERIOR.COM \/ 20 DE AGOSTO<br>Se trata de Ayme Acosta Amaya, actual N\u00b01 del Ranking Nacional de P\u00e1del en la categor\u00eda Sub14, quien lleva este deporte en la sangre y logra resultados cada vez m\u00e1s prometedores.<br>Cierra el a\u00f1o consagr\u00e1ndose campeona del M\u00e1ster Nacional de Menores, una competencia de alto nivel que la impulsa a proyectos m\u00e1s exigentes.<br>Este a\u00f1o adem\u00e1s fue convocada para representar a Argentina en el Mundial de P\u00e1del en Espa\u00f1a.<br>\u00abAyme es una joven sanfrancisque\u00f1a que con esfuerzo y talento deja nuestro nombre en lo m\u00e1s alto\u00bb, publicaron resaltando su esfuerzo, desde la municipalidad de San Francisco.<\/p>\n","protected":false},"excerpt":{"rendered":"<p>VECINOSDELINTERIOR.COM \/ 20 DE AGOSTOSe trata de Ayme Acosta Amaya, actual N\u00b01 del Ranking Nacional de P\u00e1del en la categor\u00eda Sub14, quien lleva este deporte en la sangre y logra resultados cada vez m\u00e1s prometedores.Cierra el a\u00f1o consagr\u00e1ndose campeona del M\u00e1ster Nacional de Menores, una competencia de alto nivel que la impulsa a proyectos m\u00e1s [&hellip;]<\/p>\n","protected":false},"author":1,"featured_media":5206,"comment_status":"open","ping_status":"open","sticky":false,"template":"","format":"standard","meta":{"footnotes":""},"categories":[9],"tags":[443],"class_list":["post-5205","post","type-post","status-publish","format-standard","has-post-thumbnail","hentry","category-san-francisco","tag-deporte"],"_links":{"self":[{"href":"https:\/\/vecinosdelinterior.com\/index.php\/wp-json\/wp\/v2\/posts\/5205","targetHints":{"allow":["GET"]}}],"collection":[{"href":"https:\/\/vecinosdelinterior.com\/index.php\/wp-json\/wp\/v2\/posts"}],"about":[{"href":"https:\/\/vecinosdelinterior.com\/index.php\/wp-json\/wp\/v2\/types\/post"}],"author":[{"embeddable":true,"href":"https:\/\/vecinosdelinterior.com\/index.php\/wp-json\/wp\/v2\/users\/1"}],"replies":[{"embeddable":true,"href":"https:\/\/vecinosdelinterior.com\/index.php\/wp-json\/wp\/v2\/comments?post=5205"}],"version-history":[{"count":1,"href":"https:\/\/vecinosdelinterior.com\/index.php\/wp-json\/wp\/v2\/posts\/5205\/revisions"}],"predecessor-version":[{"id":5207,"href":"https:\/\/vecinosdelinterior.com\/index.php\/wp-json\/wp\/v2\/posts\/5205\/revisions\/5207"}],"wp:featuredmedia":[{"embeddable":true,"href":"https:\/\/vecinosdelinterior.com\/index.php\/wp-json\/wp\/v2\/media\/5206"}],"wp:attachment":[{"href":"https:\/\/vecinosdelinterior.com\/index.php\/wp-json\/wp\/v2\/media?parent=5205"}],"wp:term":[{"taxonomy":"category","embeddable":true,"href":"https:\/\/vecinosdelinterior.com\/index.php\/wp-json\/wp\/v2\/categories?post=5205"},{"taxonomy":"post_tag","embeddable":true,"href":"https:\/\/vecinosdelinterior.com\/index.php\/wp-json\/wp\/v2\/tags?post=5205"}],"curies":[{"name":"wp","href":"https:\/\/api.w.org\/{rel}","templated":true}]}}