{"id":5223,"date":"2025-08-21T08:56:00","date_gmt":"2025-08-21T11:56:00","guid":{"rendered":"https:\/\/vecinosdelinterior.com\/?p=5223"},"modified":"2025-08-21T20:58:12","modified_gmt":"2025-08-21T23:58:12","slug":"bomberos-de-buena-esperanza-ponen-en-venta-tres-autobombas-para-superar-crisis-economica","status":"publish","type":"post","link":"https:\/\/vecinosdelinterior.com\/index.php\/2025\/08\/21\/bomberos-de-buena-esperanza-ponen-en-venta-tres-autobombas-para-superar-crisis-economica\/","title":{"rendered":"Bomberos de Buena Esperanza ponen en venta tres autobombas para superar crisis econ\u00f3mica"},"content":{"rendered":"\n<p>VECINOSDELINTERIOR.COM \/ 21 DE AGOSTO<br>La Asociaci\u00f3n de Bomberos Voluntarios de Buena Esperanza atraviesa un complejo escenario financiero y, en busca de equilibrar sus cuentas, resolvi\u00f3 desprenderse de tres autobombas de su flota.<br>En una carta abierta a la comunidad, la instituci\u00f3n explic\u00f3 que el objetivo de la venta es reunir fondos para reacondicionar una camioneta Toyota Hilux, cancelar una deuda superior a los 15 millones de pesos con el Gobierno Nacional \u2014correspondiente a fondos no rendidos por gestiones anteriores\u2014 y de esa manera recuperar el acceso a los subsidios.<br>Los bomberos indicaron que hasta ahora han recibido apoyo de vecinos e instituciones, aunque la ayuda no alcanza para cubrir la totalidad de la deuda ni para avanzar en la construcci\u00f3n del cuartel que la localidad necesita.<br>Adem\u00e1s, informaron que trabajan en conjunto con el Ministerio de Seguridad y otros cuerpos de bomberos para regularizar la documentaci\u00f3n pendiente.<br>Los veh\u00edculos que se ponen en venta podr\u00e1n ser adquiridos tanto por otros cuarteles como por particulares.<\/p>\n\n\n\n<figure class=\"wp-block-gallery has-nested-images columns-default is-cropped wp-block-gallery-1 is-layout-flex wp-block-gallery-is-layout-flex\">\n<figure class=\"wp-block-image size-large\"><img fetchpriority=\"high\" decoding=\"async\" width=\"576\" height=\"1024\" data-id=\"5224\" src=\"https:\/\/vecinosdelinterior.com\/wp-content\/uploads\/2025\/08\/autobomba-en-venta-de-bomberos-de-buena-esperanza-3-576x1024.webp\" alt=\"\" class=\"wp-image-5224\" srcset=\"https:\/\/vecinosdelinterior.com\/wp-content\/uploads\/2025\/08\/autobomba-en-venta-de-bomberos-de-buena-esperanza-3-576x1024.webp 576w, https:\/\/vecinosdelinterior.com\/wp-content\/uploads\/2025\/08\/autobomba-en-venta-de-bomberos-de-buena-esperanza-3-169x300.webp 169w, https:\/\/vecinosdelinterior.com\/wp-content\/uploads\/2025\/08\/autobomba-en-venta-de-bomberos-de-buena-esperanza-3-768x1365.webp 768w, https:\/\/vecinosdelinterior.com\/wp-content\/uploads\/2025\/08\/autobomba-en-venta-de-bomberos-de-buena-esperanza-3-864x1536.webp 864w, https:\/\/vecinosdelinterior.com\/wp-content\/uploads\/2025\/08\/autobomba-en-venta-de-bomberos-de-buena-esperanza-3-750x1333.webp 750w, https:\/\/vecinosdelinterior.com\/wp-content\/uploads\/2025\/08\/autobomba-en-venta-de-bomberos-de-buena-esperanza-3.webp 900w\" sizes=\"(max-width: 576px) 100vw, 576px\" \/><\/figure>\n\n\n\n<figure class=\"wp-block-image size-large\"><img decoding=\"async\" width=\"576\" height=\"1024\" data-id=\"5226\" src=\"https:\/\/vecinosdelinterior.com\/wp-content\/uploads\/2025\/08\/autobomba-en-venta-de-bomberos-de-buena-esperanza-2-576x1024.webp\" alt=\"\" class=\"wp-image-5226\" srcset=\"https:\/\/vecinosdelinterior.com\/wp-content\/uploads\/2025\/08\/autobomba-en-venta-de-bomberos-de-buena-esperanza-2-576x1024.webp 576w, https:\/\/vecinosdelinterior.com\/wp-content\/uploads\/2025\/08\/autobomba-en-venta-de-bomberos-de-buena-esperanza-2-169x300.webp 169w, https:\/\/vecinosdelinterior.com\/wp-content\/uploads\/2025\/08\/autobomba-en-venta-de-bomberos-de-buena-esperanza-2-768x1365.webp 768w, https:\/\/vecinosdelinterior.com\/wp-content\/uploads\/2025\/08\/autobomba-en-venta-de-bomberos-de-buena-esperanza-2-864x1536.webp 864w, https:\/\/vecinosdelinterior.com\/wp-content\/uploads\/2025\/08\/autobomba-en-venta-de-bomberos-de-buena-esperanza-2-750x1333.webp 750w, https:\/\/vecinosdelinterior.com\/wp-content\/uploads\/2025\/08\/autobomba-en-venta-de-bomberos-de-buena-esperanza-2.webp 900w\" sizes=\"(max-width: 576px) 100vw, 576px\" \/><\/figure>\n\n\n\n<figure class=\"wp-block-image size-large\"><img decoding=\"async\" width=\"576\" height=\"1024\" data-id=\"5225\" src=\"https:\/\/vecinosdelinterior.com\/wp-content\/uploads\/2025\/08\/autobomba-en-venta-de-bomberos-de-buena-esperanza-576x1024.webp\" alt=\"\" class=\"wp-image-5225\" srcset=\"https:\/\/vecinosdelinterior.com\/wp-content\/uploads\/2025\/08\/autobomba-en-venta-de-bomberos-de-buena-esperanza-576x1024.webp 576w, https:\/\/vecinosdelinterior.com\/wp-content\/uploads\/2025\/08\/autobomba-en-venta-de-bomberos-de-buena-esperanza-169x300.webp 169w, https:\/\/vecinosdelinterior.com\/wp-content\/uploads\/2025\/08\/autobomba-en-venta-de-bomberos-de-buena-esperanza-768x1365.webp 768w, https:\/\/vecinosdelinterior.com\/wp-content\/uploads\/2025\/08\/autobomba-en-venta-de-bomberos-de-buena-esperanza-864x1536.webp 864w, https:\/\/vecinosdelinterior.com\/wp-content\/uploads\/2025\/08\/autobomba-en-venta-de-bomberos-de-buena-esperanza-750x1333.webp 750w, https:\/\/vecinosdelinterior.com\/wp-content\/uploads\/2025\/08\/autobomba-en-venta-de-bomberos-de-buena-esperanza.webp 900w\" sizes=\"(max-width: 576px) 100vw, 576px\" \/><\/figure>\n<\/figure>\n","protected":false},"excerpt":{"rendered":"<p>VECINOSDELINTERIOR.COM \/ 21 DE AGOSTOLa Asociaci\u00f3n de Bomberos Voluntarios de Buena Esperanza atraviesa un complejo escenario financiero y, en busca de equilibrar sus cuentas, resolvi\u00f3 desprenderse de tres autobombas de su flota.En una carta abierta a la comunidad, la instituci\u00f3n explic\u00f3 que el objetivo de la venta es reunir fondos para reacondicionar una camioneta Toyota [&hellip;]<\/p>\n","protected":false},"author":1,"featured_media":5227,"comment_status":"open","ping_status":"open","sticky":false,"template":"","format":"standard","meta":{"footnotes":""},"categories":[18,16],"tags":[],"class_list":["post-5223","post","type-post","status-publish","format-standard","has-post-thumbnail","hentry","category-buena-esperanza-dupuy","category-dupuy"],"_links":{"self":[{"href":"https:\/\/vecinosdelinterior.com\/index.php\/wp-json\/wp\/v2\/posts\/5223","targetHints":{"allow":["GET"]}}],"collection":[{"href":"https:\/\/vecinosdelinterior.com\/index.php\/wp-json\/wp\/v2\/posts"}],"about":[{"href":"https:\/\/vecinosdelinterior.com\/index.php\/wp-json\/wp\/v2\/types\/post"}],"author":[{"embeddable":true,"href":"https:\/\/vecinosdelinterior.com\/index.php\/wp-json\/wp\/v2\/users\/1"}],"replies":[{"embeddable":true,"href":"https:\/\/vecinosdelinterior.com\/index.php\/wp-json\/wp\/v2\/comments?post=5223"}],"version-history":[{"count":1,"href":"https:\/\/vecinosdelinterior.com\/index.php\/wp-json\/wp\/v2\/posts\/5223\/revisions"}],"predecessor-version":[{"id":5228,"href":"https:\/\/vecinosdelinterior.com\/index.php\/wp-json\/wp\/v2\/posts\/5223\/revisions\/5228"}],"wp:featuredmedia":[{"embeddable":true,"href":"https:\/\/vecinosdelinterior.com\/index.php\/wp-json\/wp\/v2\/media\/5227"}],"wp:attachment":[{"href":"https:\/\/vecinosdelinterior.com\/index.php\/wp-json\/wp\/v2\/media?parent=5223"}],"wp:term":[{"taxonomy":"category","embeddable":true,"href":"https:\/\/vecinosdelinterior.com\/index.php\/wp-json\/wp\/v2\/categories?post=5223"},{"taxonomy":"post_tag","embeddable":true,"href":"https:\/\/vecinosdelinterior.com\/index.php\/wp-json\/wp\/v2\/tags?post=5223"}],"curies":[{"name":"wp","href":"https:\/\/api.w.org\/{rel}","templated":true}]}}