{"id":5242,"date":"2025-08-26T11:19:35","date_gmt":"2025-08-26T14:19:35","guid":{"rendered":"https:\/\/vecinosdelinterior.com\/?p=5242"},"modified":"2025-08-26T11:19:35","modified_gmt":"2025-08-26T14:19:35","slug":"proyecto-de-ley-para-impulsar-la-economia-circular-en-san-luis","status":"publish","type":"post","link":"https:\/\/vecinosdelinterior.com\/index.php\/2025\/08\/26\/proyecto-de-ley-para-impulsar-la-economia-circular-en-san-luis\/","title":{"rendered":"Proyecto de ley para impulsar la econom\u00eda circular en San Luis"},"content":{"rendered":"\n<p>El Senado provincial comenz\u00f3 a analizar un proyecto que apunta a cambiar de ra\u00edz la manera en que se produce, consume y gestiona el ambiente en San Luis. Se trata de la propuesta \u201cSan Luis Circular\u201d, una Ley Marco que busca instalar definitivamente los principios de la econom\u00eda circular en la provincia.<\/p>\n\n\n\n<p>La iniciativa plantea un marco normativo amplio con el objetivo de proteger los recursos naturales, reducir la contaminaci\u00f3n y abrir nuevas oportunidades de empleo verde. Para ello, prev\u00e9 la creaci\u00f3n de la Estrategia Provincial de Econom\u00eda Circular, un plan que marcar\u00e1 lineamientos de acci\u00f3n a corto, mediano y largo plazo. La propuesta incluye la conformaci\u00f3n de un Consejo Consultivo integrado por municipios, universidades, c\u00e1maras empresarias y organizaciones sociales.<\/p>\n\n\n\n<p>Entre las herramientas principales que contempla el proyecto se destacan:<\/p>\n\n\n\n<p>Registro Provincial de Actividades Circulares.<\/p>\n\n\n\n<p>Sello San Luis Circular, que distinguir\u00e1 a empresas y emprendimientos comprometidos con la sustentabilidad.<\/p>\n\n\n\n<p>Fondos de apoyo e incentivos fiscales para impulsar proyectos circulares.<\/p>\n\n\n\n<p>Compras p\u00fablicas responsables, con prioridad para proveedores que apliquen buenas pr\u00e1cticas ambientales.<\/p>\n\n\n\n<p>El enfoque tambi\u00e9n abarca la dimensi\u00f3n educativa y comunitaria. El texto prev\u00e9 la incorporaci\u00f3n de contenidos sobre econom\u00eda circular en todas las etapas del sistema escolar, el desarrollo de Escuelas Circulares y el fortalecimiento de la participaci\u00f3n ciudadana. Adem\u00e1s, reconoce el rol de los recuperadores urbanos, promoviendo su formalizaci\u00f3n y condiciones de trabajo adecuadas.<\/p>\n\n\n\n<p>Otra de las medidas clave es la implementaci\u00f3n de un Plan Provincial de Gesti\u00f3n Integral de Residuos, que incluir\u00e1 separaci\u00f3n en origen, centros de reciclaje y compostaje, junto con restricciones graduales a productos descartables de un solo uso.<\/p>\n\n\n\n<p>El proyecto establece adem\u00e1s un sistema de monitoreo con indicadores de impacto, la obligaci\u00f3n de presentar un informe anual ante la Legislatura y un r\u00e9gimen de sanciones para los incumplimientos. Los municipios podr\u00e1n adherir con ordenanzas propias para aplicar la normativa en sus territorios.<\/p>\n\n\n\n<p>En sus fundamentos, la propuesta resalta la necesidad de combinar desarrollo econ\u00f3mico con sostenibilidad ambiental e inclusi\u00f3n social. \u201cNo es solo reciclar, es repensar c\u00f3mo producimos y consumimos para garantizar un futuro sostenible\u201d, expres\u00f3 el senador justicialista Hugo \u201cPepe\u201d Olgu\u00edn, uno de los impulsores de la iniciativa.<\/p>\n","protected":false},"excerpt":{"rendered":"<p>El Senado provincial comenz\u00f3 a analizar un proyecto que apunta a cambiar de ra\u00edz la manera en que se produce, consume y gestiona el ambiente en San Luis. Se trata de la propuesta \u201cSan Luis Circular\u201d, una Ley Marco que busca instalar definitivamente los principios de la econom\u00eda circular en la provincia. La iniciativa plantea [&hellip;]<\/p>\n","protected":false},"author":1,"featured_media":5243,"comment_status":"open","ping_status":"open","sticky":false,"template":"","format":"standard","meta":{"footnotes":""},"categories":[80],"tags":[],"class_list":["post-5242","post","type-post","status-publish","format-standard","has-post-thumbnail","hentry","category-general"],"_links":{"self":[{"href":"https:\/\/vecinosdelinterior.com\/index.php\/wp-json\/wp\/v2\/posts\/5242","targetHints":{"allow":["GET"]}}],"collection":[{"href":"https:\/\/vecinosdelinterior.com\/index.php\/wp-json\/wp\/v2\/posts"}],"about":[{"href":"https:\/\/vecinosdelinterior.com\/index.php\/wp-json\/wp\/v2\/types\/post"}],"author":[{"embeddable":true,"href":"https:\/\/vecinosdelinterior.com\/index.php\/wp-json\/wp\/v2\/users\/1"}],"replies":[{"embeddable":true,"href":"https:\/\/vecinosdelinterior.com\/index.php\/wp-json\/wp\/v2\/comments?post=5242"}],"version-history":[{"count":1,"href":"https:\/\/vecinosdelinterior.com\/index.php\/wp-json\/wp\/v2\/posts\/5242\/revisions"}],"predecessor-version":[{"id":5244,"href":"https:\/\/vecinosdelinterior.com\/index.php\/wp-json\/wp\/v2\/posts\/5242\/revisions\/5244"}],"wp:featuredmedia":[{"embeddable":true,"href":"https:\/\/vecinosdelinterior.com\/index.php\/wp-json\/wp\/v2\/media\/5243"}],"wp:attachment":[{"href":"https:\/\/vecinosdelinterior.com\/index.php\/wp-json\/wp\/v2\/media?parent=5242"}],"wp:term":[{"taxonomy":"category","embeddable":true,"href":"https:\/\/vecinosdelinterior.com\/index.php\/wp-json\/wp\/v2\/categories?post=5242"},{"taxonomy":"post_tag","embeddable":true,"href":"https:\/\/vecinosdelinterior.com\/index.php\/wp-json\/wp\/v2\/tags?post=5242"}],"curies":[{"name":"wp","href":"https:\/\/api.w.org\/{rel}","templated":true}]}}