{"id":5280,"date":"2025-08-27T12:21:00","date_gmt":"2025-08-27T15:21:00","guid":{"rendered":"https:\/\/vecinosdelinterior.com\/?p=5280"},"modified":"2025-08-28T12:22:16","modified_gmt":"2025-08-28T15:22:16","slug":"vaciaron-un-negocio-de-venta-de-celulares-el-botin-mas-11-millones-de-pesos","status":"publish","type":"post","link":"https:\/\/vecinosdelinterior.com\/index.php\/2025\/08\/27\/vaciaron-un-negocio-de-venta-de-celulares-el-botin-mas-11-millones-de-pesos\/","title":{"rendered":"Vaciaron un negocio de venta de celulares: el bot\u00edn, m\u00e1s 11 millones de pesos"},"content":{"rendered":"\n<p>VECINOSDELINTERIOR.COM<br>\u201cMe causaron un perjuicio enorme, me arruinaron\u201d, sintetiz\u00f3 Duilio Garc\u00eda, quien que el pasado 17 de agosto a la madrugada sufri\u00f3 la sustracci\u00f3n de toda la mercader\u00eda del local de venta de celulares que tiene en San Francisco del Monte de Oro. El bot\u00edn en equipos de comunicaci\u00f3n supera los 11 millones de pesos.<br>\u201cAlrededor de la 1:30 barretearon la reja de la parte trasera, giraron una c\u00e1mara de seguridad y entraron a robar con tranquilidad, sabiendo que no iban a quedar filmados\u201d, detall\u00f3 el comerciante que tiene su negocio en la primera calle de ingreso a la localidad (San Pedro casi Centenario), que lleva al hip\u00f3dromo y al balneario Las Palmas.<br>El o los delincuentes se llevaron 35 celulares, en sus respectivas cajas selladas. Hay de las marcas Samsung, TCL y Motorola, entre otros. \u201cAdem\u00e1s del da\u00f1o econ\u00f3mico, emocionalmente me dej\u00f3 muy mal todo esto. Hay que seguir y tener fe en que se va a esclarecer\u201d, reflexion\u00f3.<br>De la manera que fue se produjo el robo, tanto la Polic\u00eda como el comerciante sospechan que \u201chubo un trabajo de inteligencia\u201d de los ladrones o de alg\u00fan c\u00f3mplice. \u201cConoc\u00edan todos los movimientos y la ubicaci\u00f3n de la c\u00e1mara\u201d, se\u00f1al\u00f3 Duilio .<br>Tras el robo que sufri\u00f3 el comerciante Duilio Garc\u00eda, en el Facebook \u201cQue pasa San San Francisco\u201d, publicaron una nota reflejando una seguidilla de hechos delictivos que est\u00e1 rompiendo la tranquilidad que siempre caracteriz\u00f3 a la comuna.<br>En el art\u00edculo se\u00f1alaron: \u201c\u2026otro de los casos es la vivienda de una comerciante que fue violentada y revuelta, pero curiosamente los delincuentes no se llevaron nada. Tambi\u00e9n entraron a robar en casas de verano ubicadas en zonas aleda\u00f1as como Rio G\u00f3mez, El Rinc\u00f3n, Rodeo de Cadenas y Pozo del Molle de donde sustrajeron herramientas el\u00e9ctricas, materiales, electrodom\u00e9sticos etc.<br>EDDLR<\/p>\n\n\n\n<p><\/p>\n","protected":false},"excerpt":{"rendered":"<p>VECINOSDELINTERIOR.COM\u201cMe causaron un perjuicio enorme, me arruinaron\u201d, sintetiz\u00f3 Duilio Garc\u00eda, quien que el pasado 17 de agosto a la madrugada sufri\u00f3 la sustracci\u00f3n de toda la mercader\u00eda del local de venta de celulares que tiene en San Francisco del Monte de Oro. El bot\u00edn en equipos de comunicaci\u00f3n supera los 11 millones de pesos.\u201cAlrededor de [&hellip;]<\/p>\n","protected":false},"author":1,"featured_media":5281,"comment_status":"open","ping_status":"open","sticky":false,"template":"","format":"standard","meta":{"footnotes":""},"categories":[8,9],"tags":[213],"class_list":["post-5280","post","type-post","status-publish","format-standard","has-post-thumbnail","hentry","category-ayacucho","category-san-francisco","tag-policial"],"_links":{"self":[{"href":"https:\/\/vecinosdelinterior.com\/index.php\/wp-json\/wp\/v2\/posts\/5280","targetHints":{"allow":["GET"]}}],"collection":[{"href":"https:\/\/vecinosdelinterior.com\/index.php\/wp-json\/wp\/v2\/posts"}],"about":[{"href":"https:\/\/vecinosdelinterior.com\/index.php\/wp-json\/wp\/v2\/types\/post"}],"author":[{"embeddable":true,"href":"https:\/\/vecinosdelinterior.com\/index.php\/wp-json\/wp\/v2\/users\/1"}],"replies":[{"embeddable":true,"href":"https:\/\/vecinosdelinterior.com\/index.php\/wp-json\/wp\/v2\/comments?post=5280"}],"version-history":[{"count":1,"href":"https:\/\/vecinosdelinterior.com\/index.php\/wp-json\/wp\/v2\/posts\/5280\/revisions"}],"predecessor-version":[{"id":5282,"href":"https:\/\/vecinosdelinterior.com\/index.php\/wp-json\/wp\/v2\/posts\/5280\/revisions\/5282"}],"wp:featuredmedia":[{"embeddable":true,"href":"https:\/\/vecinosdelinterior.com\/index.php\/wp-json\/wp\/v2\/media\/5281"}],"wp:attachment":[{"href":"https:\/\/vecinosdelinterior.com\/index.php\/wp-json\/wp\/v2\/media?parent=5280"}],"wp:term":[{"taxonomy":"category","embeddable":true,"href":"https:\/\/vecinosdelinterior.com\/index.php\/wp-json\/wp\/v2\/categories?post=5280"},{"taxonomy":"post_tag","embeddable":true,"href":"https:\/\/vecinosdelinterior.com\/index.php\/wp-json\/wp\/v2\/tags?post=5280"}],"curies":[{"name":"wp","href":"https:\/\/api.w.org\/{rel}","templated":true}]}}